{"id":132,"count":8,"description":"<p style=\"text-align: justify;\">Fem col\u00f2nies en els cursos de 2n, 4t i 6\u00e8. S\u00f3n uns dies de conviv\u00e8ncia que ens permeten estar en contacte amb la natura i establir una estreta relaci\u00f3 entre nosaltres.<\/p>\r\n<p style=\"text-align: justify;\"><a href=\"http:\/\/agora.xtec.cat\/ceip-fray-luis-leon\/wp-content\/uploads\/usu900\/2018\/03\/col\u00f2nies.jpg\"><img class=\"wp-image-2122 aligncenter\" src=\"http:\/\/agora.xtec.cat\/ceip-fray-luis-leon\/wp-content\/uploads\/usu900\/2018\/03\/col\u00f2nies.jpg\" alt=\"\" width=\"516\" height=\"290\" \/><\/a><\/p>","link":"https:\/\/agora.xtec.cat\/ceip-fray-luis-leon\/categoria\/els-nostres-projectes\/les-colonies\/","name":"Les col\u00f2nies","slug":"les-colonies","taxonomy":"category","parent":138,"meta":[],"_links":{"self":[{"href":"https:\/\/agora.xtec.cat\/ceip-fray-luis-leon\/wp-json\/wp\/v2\/categories\/132","targetHints":{"allow":["GET"]}}],"collection":[{"href":"https:\/\/agora.xtec.cat\/ceip-fray-luis-leon\/wp-json\/wp\/v2\/categories"}],"about":[{"href":"https:\/\/agora.xtec.cat\/ceip-fray-luis-leon\/wp-json\/wp\/v2\/taxonomies\/category"}],"up":[{"embeddable":true,"href":"https:\/\/agora.xtec.cat\/ceip-fray-luis-leon\/wp-json\/wp\/v2\/categories\/138"}],"wp:post_type":[{"href":"https:\/\/agora.xtec.cat\/ceip-fray-luis-leon\/wp-json\/wp\/v2\/posts?categories=132"}],"curies":[{"name":"wp","href":"https:\/\/api.w.org\/{rel}","templated":true}]}}