{"id":4088,"date":"2024-03-22T12:49:52","date_gmt":"2024-03-22T11:49:52","guid":{"rendered":"https:\/\/agora.xtec.cat\/ceip-fontroure\/?p=4088"},"modified":"2024-03-22T12:49:52","modified_gmt":"2024-03-22T11:49:52","slug":"celebracio-del-centenari-de-la-fabrica-rogelio-rojo-de-masquefa-una-jornada-escolar-dedicada-a-la-historia-local","status":"publish","type":"post","link":"https:\/\/agora.xtec.cat\/ceip-fontroure\/portada\/celebracio-del-centenari-de-la-fabrica-rogelio-rojo-de-masquefa-una-jornada-escolar-dedicada-a-la-historia-local\/","title":{"rendered":"Celebraci\u00f3 del Centenari de la F\u00e0brica Rogelio Rojo de Masquefa: Una Jornada Escolar Dedicada a la Hist\u00f2ria Local."},"content":{"rendered":"<p>El passat 16 de mar\u00e7, l&#8217;escola va viure un dia de commemoraci\u00f3 i mem\u00f2ria hist\u00f2rica en honor al centenari de la F\u00e0brica Rogelio Rojo de Masquefa. Els alumnes de cicle superior van ser els protagonistes d&#8217;una exhibici\u00f3 p\u00fablica titulada &#8220;Rogelio fa 100 anys&#8221;, en la qual van explorar la rica hist\u00f2ria de la vila de Masquefa i els canvis que ha experimentat al llarg del temps.<\/p>\n<p><img loading=\"lazy\" decoding=\"async\" class=\"alignnone size-large\" src=\"https:\/\/pbs.twimg.com\/media\/GIxltAtXAAAesY7?format=jpg&amp;name=large\" width=\"2048\" height=\"1536\" \/><\/p>\n<p>A trav\u00e9s d&#8217;aquest projecte, els alumnes i fam\u00edlies van aprofundir en la comprensi\u00f3 del passat de Masquefa, destacant com les circumst\u00e0ncies i la realitat del seu entorn van influir en la transformaci\u00f3 del poble i l&#8217;evoluci\u00f3 de la f\u00e0brica al llarg dels anys. Un aspecte rellevant d&#8217;aquesta indagaci\u00f3 va ser l&#8217;exploraci\u00f3 del rol fonamental que les dones van tenir en les diferents etapes de la hist\u00f2ria de la vila.<\/p>\n<p>L&#8217;enfocament del projecte no nom\u00e9s va ser hist\u00f2ric, sin\u00f3 que tamb\u00e9 va abordar temes contemporanis com la coresponsabilitat, la confian\u00e7a i el comprom\u00eds social. Mitjan\u00e7ant la seva participaci\u00f3 activa en aquesta activitat, els alumnes van refor\u00e7ar el sentiment de pertinen\u00e7a i l&#8217;orgull de formar part de la hist\u00f2ria viva de Masquefa.<\/p>\n<p>Cal destacar l&#8217;aposta de l&#8217;escola per establir aliances amb l&#8217;administraci\u00f3 local, les entitats, les empreses i els comer\u00e7os de la zona, creant un ecosistema que va m\u00e9s enll\u00e0 dels murs de l&#8217;aula i enriquint l&#8217;aprenentatge amb un valor social i cultural afegit.<\/p>\n<p><img loading=\"lazy\" decoding=\"async\" class=\"alignnone size-large\" src=\"https:\/\/pbs.twimg.com\/media\/GIxlMYzWkAAAddE?format=jpg&amp;name=large\" width=\"2048\" height=\"1536\" \/><\/p>\n<p>La integraci\u00f3 de la tecnologia com a eina pedag\u00f2gica clau va permetre als estudiants explorar noves formes d&#8217;aprenentatge i crear continguts digitals accessibles per a tota la comunitat. Aix\u00f2 no hauria estat possible sense el suport fonamental dels pares, mares i alumnes, que van participar en la validaci\u00f3 dels productes finals i van proporcionar feedback constructiu per millorar les pr\u00e0ctiques educatives.<\/p>\n<p>A trav\u00e9s d&#8217;aquest exercici de comunicaci\u00f3, l&#8217;escola ha detectat talents a potenciar i dificultats a treballar, amb l&#8217;objectiu de formar ciutadans aut\u00f2noms, cr\u00edtics, creatius i socialment compromesos. El comprom\u00eds amb una educaci\u00f3 orientada cap al futur \u00e9s evident, amb la convicci\u00f3 de contribuir a la construcci\u00f3 d&#8217;un m\u00f3n millor a trav\u00e9s de la formaci\u00f3 de millors persones.<\/p>\n<p>Els valors de col\u00b7laboraci\u00f3, solidaritat, just\u00edcia social i inclusi\u00f3 han estat els pilars sobre els quals s&#8217;ha constru\u00eft aquest projecte. Aix\u00ed doncs, l&#8217;escola agraeix a tots els col\u00b7laboradors, des de l&#8217;Ajuntament de Masquefa fins als membres de la comunitat educativa i les fam\u00edlies, per fer possible aquesta jornada tan especial.<\/p>\n<p>Aquest projecte s&#8217;emmarca en la participaci\u00f3 del centre en el programa FAIG del CESIRE\u00a0(centre de recursos pedag\u00f2gics espec\u00edfics de suport a la innovaci\u00f3 i la recerca educativa del Departament d&#8217;educaci\u00f3),\u00a0integrant-ho de manera org\u00e0nica en el desenvolupament del projecte &#8220;Rogelio fa 100 anys&#8221; a l&#8217;escola. A trav\u00e9s d&#8217;aquesta iniciativa, els alumnes han tingut l&#8217;oportunitat d&#8217;aplicar les eines i metodologies proporcionades pel programa FAIG per aprofundir en la hist\u00f2ria de la F\u00e0brica Rogelio Rojo i el seu impacte en la comunitat de Masquefa fa un segle.<\/p>\n<p><img loading=\"lazy\" decoding=\"async\" class=\"alignnone size-large\" src=\"https:\/\/pbs.twimg.com\/media\/GIxla4qWYAAzgYh?format=jpg&amp;name=large\" width=\"2048\" height=\"1536\" \/><\/p>\n<p>El Programa FAIG (FENT PER APRENDRE, IMAGINANT GLOBALMENT), impulsat pel Departament\u00a0d&#8217;Educaci\u00f3\u00a0de Catalunya, \u00e9s una iniciativa experimental de suport a la innovaci\u00f3 educativa promoguda per la Direcci\u00f3 General\u00a0d&#8217;Innovaci\u00f3, Digitalitzaci\u00f3 i Curr\u00edculum. A trav\u00e9s d&#8217;aquest programa, es facilita als centres educatius una s\u00e8rie d&#8217;eines i recursos per promoure la innovaci\u00f3 pedag\u00f2gica, incloent l&#8217;Aprenentatge per Projectes, l&#8217;actitud maker i la col\u00b7laboraci\u00f3 en desafiaments socials.<\/p>\n<p>En primer lloc, l&#8217;enfocament en l&#8217;Aprenentatge per Projectes promogut pel programa FAIG ha servit com a marc pedag\u00f2gic per al desenvolupament del projecte. Mitjan\u00e7ant aquest enfocament, els alumnes han pogut connectar-se amb la hist\u00f2ria local de manera significativa, investigant i explorant els canvis experimentats per la f\u00e0brica i la comunitat al llarg del temps.<\/p>\n<p>A m\u00e9s, l&#8217;\u00fas de les tecnologies digitals com a eina clau, promogut pel programa FAIG, ha enriquit l&#8217;experi\u00e8ncia d&#8217;aprenentatge dels alumnes en el projecte &#8220;Rogelio fa 100 anys&#8221;. Mitjan\u00e7ant la creaci\u00f3 de continguts digitals accessibles per a tota la comunitat, els estudiants han pogut compartir el seu treball i les seves descobertes de manera amplia i inclusiva.<\/p>\n<p><img loading=\"lazy\" decoding=\"async\" class=\"alignnone size-large\" src=\"https:\/\/pbs.twimg.com\/media\/GIxlmTjXEAAFF68?format=jpg&amp;name=large\" width=\"2048\" height=\"1536\" \/><\/p>\n<p>La integraci\u00f3 de les actituds Maker i la fabricaci\u00f3 digital, impulsades pel programa FAIG, tamb\u00e9 ha tingut un paper rellevant en el projecte. Els alumnes han tingut l&#8217;oportunitat de participar activament en processos d&#8217;ideaci\u00f3 i fabricaci\u00f3, fomentant la seva creativitat i la seva capacitat per generar solucions innovadores davant dels reptes que presenta l&#8217;estudi de la hist\u00f2ria local.<\/p>\n<p>Finalment, la col\u00b7laboraci\u00f3 amb altres centres, entitats i institucions, promoguda pel programa FAIG, ha perm\u00e8s ampliar la perspectiva del projecte &#8220;Rogelio fa 100 anys&#8221; i abordar desafiaments i reptes socials actuals des d&#8217;una visi\u00f3 interdisciplin\u00e0ria i col\u00b7laborativa.<\/p>\n<p>La participaci\u00f3 en el programa FAIG ha estat fonamental per enriquir i potenciar el projecte &#8220;Rogelio fa 100 anys&#8221;, proporcionant un marc pedag\u00f2gic innovador, eines tecnol\u00f2giques avan\u00e7ades i oportunitats de col\u00b7laboraci\u00f3 que han contribu\u00eft a l&#8217;\u00e8xit i l&#8217;impacte positiu d&#8217;aquesta iniciativa a l&#8217;escola i a la comunitat de Masquefa.<\/p>\n<p>La celebraci\u00f3 del centenari de la F\u00e0brica Rogelio Rojo de Masquefa no nom\u00e9s ha estat una commemoraci\u00f3 hist\u00f2rica, sin\u00f3 tamb\u00e9 una demostraci\u00f3 de la for\u00e7a de la comunitat, la passi\u00f3 pel coneixement i la determinaci\u00f3 de construir un futur millor per a tothom. \u00c9s un recordatori que l&#8217;educaci\u00f3 \u00e9s, sens dubte, l&#8217;eina m\u00e9s poderosa per canviar el m\u00f3n, i a Masquefa, aquest comprom\u00eds \u00e9s m\u00e9s viu que mai.<\/p>\n<p><img loading=\"lazy\" decoding=\"async\" class=\"alignnone size-large\" src=\"https:\/\/pbs.twimg.com\/media\/GIxlpkNWsAAwksj?format=jpg&amp;name=large\" width=\"2048\" height=\"1536\" \/><\/p>\n","protected":false},"excerpt":{"rendered":"<p>El passat 16 de mar\u00e7, l&#8217;escola va viure un dia de commemoraci\u00f3 i mem\u00f2ria hist\u00f2rica en honor al centenari de la F\u00e0brica Rogelio Rojo de Masquefa. Els alumnes de cicle superior van ser els protagonistes d&#8217;una exhibici\u00f3 p\u00fablica titulada &#8220;Rogelio fa 100 anys&#8221;, en la&hellip;  <a href=\"https:\/\/agora.xtec.cat\/ceip-fontroure\/portada\/celebracio-del-centenari-de-la-fabrica-rogelio-rojo-de-masquefa-una-jornada-escolar-dedicada-a-la-historia-local\/\" title=\"Read Celebraci\u00f3 del Centenari de la F\u00e0brica Rogelio Rojo de Masquefa: Una Jornada Escolar Dedicada a la Hist\u00f2ria Local.\">Llegeix m\u00e9s\u00bb<\/a><\/p>\n","protected":false},"author":13,"featured_media":0,"comment_status":"open","ping_status":"closed","sticky":false,"template":"","format":"standard","meta":{"_bbp_topic_count":0,"_bbp_reply_count":0,"_bbp_total_topic_count":0,"_bbp_total_reply_count":0,"_bbp_voice_count":0,"_bbp_anonymous_reply_count":0,"_bbp_topic_count_hidden":0,"_bbp_reply_count_hidden":0,"_bbp_forum_subforum_count":0,"footnotes":""},"categories":[4],"tags":[],"class_list":["post-4088","post","type-post","status-publish","format-standard","hentry","category-portada"],"post_mailing_queue_ids":[],"_links":{"self":[{"href":"https:\/\/agora.xtec.cat\/ceip-fontroure\/wp-json\/wp\/v2\/posts\/4088","targetHints":{"allow":["GET"]}}],"collection":[{"href":"https:\/\/agora.xtec.cat\/ceip-fontroure\/wp-json\/wp\/v2\/posts"}],"about":[{"href":"https:\/\/agora.xtec.cat\/ceip-fontroure\/wp-json\/wp\/v2\/types\/post"}],"author":[{"embeddable":true,"href":"https:\/\/agora.xtec.cat\/ceip-fontroure\/wp-json\/wp\/v2\/users\/13"}],"replies":[{"embeddable":true,"href":"https:\/\/agora.xtec.cat\/ceip-fontroure\/wp-json\/wp\/v2\/comments?post=4088"}],"version-history":[{"count":1,"href":"https:\/\/agora.xtec.cat\/ceip-fontroure\/wp-json\/wp\/v2\/posts\/4088\/revisions"}],"predecessor-version":[{"id":4089,"href":"https:\/\/agora.xtec.cat\/ceip-fontroure\/wp-json\/wp\/v2\/posts\/4088\/revisions\/4089"}],"wp:attachment":[{"href":"https:\/\/agora.xtec.cat\/ceip-fontroure\/wp-json\/wp\/v2\/media?parent=4088"}],"wp:term":[{"taxonomy":"category","embeddable":true,"href":"https:\/\/agora.xtec.cat\/ceip-fontroure\/wp-json\/wp\/v2\/categories?post=4088"},{"taxonomy":"post_tag","embeddable":true,"href":"https:\/\/agora.xtec.cat\/ceip-fontroure\/wp-json\/wp\/v2\/tags?post=4088"}],"curies":[{"name":"wp","href":"https:\/\/api.w.org\/{rel}","templated":true}]}}