{"id":3867,"date":"2023-05-02T13:53:27","date_gmt":"2023-05-02T11:53:27","guid":{"rendered":"https:\/\/agora.xtec.cat\/ceip-fontroure\/?p=3867"},"modified":"2023-05-02T13:53:27","modified_gmt":"2023-05-02T11:53:27","slug":"tallers-del-programa-de-fruita-i-hortalisses-on-es-el-dinar","status":"publish","type":"post","link":"https:\/\/agora.xtec.cat\/ceip-fontroure\/general\/tallers-del-programa-de-fruita-i-hortalisses-on-es-el-dinar\/","title":{"rendered":"Tallers del Programa de Fruita i Hortalisses: On \u00e9s el dinar?"},"content":{"rendered":"<p style=\"text-align: justify;\">Avui, a l&#8217;escola, hem tingut la gran oportunitat de participar en els tallers del Programa de Fruita i Hortalisses. Aquest programa, que es desenvolupa durant el curs escolar 2022-2023, t\u00e9 com a objectiu principal refor\u00e7ar els coneixements i el consum que tenen i fan els alumnes dels productes que es distribueixen dins dels Programes Escolars de Fruites i Hortalisses.<\/p>\n<p style=\"text-align: justify;\">El Programa de Fruita a les escoles \u00e9s una iniciativa de la Uni\u00f3 Europea que es desenvolupa amb l&#8217;acci\u00f3 conjunta dels departaments d\u2019Agricultura, Salut i Ensenyament. Aquesta iniciativa t\u00e9 com a objectiu oferir fruita gratu\u00efta en els esmorzars i berenars dins del centre escolar, aix\u00ed com informar sobre els beneficis de pujar el consum de fruites i verdures, la seva diversitat, producci\u00f3, estacionalitat, entre altres.<\/p>\n<p><img loading=\"lazy\" decoding=\"async\" class=\"alignnone size-large\" src=\"https:\/\/pbs.twimg.com\/media\/FvHuASnXoAIlOni?format=jpg&amp;name=large\" width=\"2048\" height=\"1152\" \/><\/p>\n<p style=\"text-align: justify;\">El programa proposa el consum de fruites com una alternativa excel\u00b7lent al consum d\u2019altres aliments amb menys qualitat nutricional. Aix\u00f2 pret\u00e9n afavorir la salut dels infants i promoure el consum de fruites, verdures, fruita seca, llegums, aigua i joc actiu. A m\u00e9s, tamb\u00e9 busca reduir el consum de llaminadures, begudes refrescants, brioxeria i videojocs sedentaris.<\/p>\n<p style=\"text-align: justify;\">Durant aquest curs escolar, s&#8217;han sumat 788 centres educatius i m\u00e9s de 174.000 alumnes que participen en les mesures d&#8217;acompanyament dels Programes Escolars. Aquestes mesures d&#8217;acompanyament consten de 590 tallers en centres educatius i 400 visites a explotacions agr\u00edcoles i ramaderes productores de fruites, hortalisses i llet. Aix\u00f2 est\u00e0 adre\u00e7at a l&#8217;alumnat de prim\u00e0ria dels centres educatius que participen en els Programes Escolars.<\/p>\n<p><img loading=\"lazy\" decoding=\"async\" class=\"alignnone size-large\" src=\"https:\/\/pbs.twimg.com\/media\/FvHuARkWAAMkwT-?format=jpg&amp;name=large\" width=\"2048\" height=\"1536\" \/><\/p>\n<p style=\"text-align: justify;\">Els tallers del Programa de Fruita i Hortalisses que hem realitzat avui a l&#8217;escola han estat una experi\u00e8ncia molt enriquidora. Hem apr\u00e8s sobre la diversitat de fruites i verdures que existeixen, les seves propietats nutricionals i els seus beneficis per a la salut. Tamb\u00e9 hem apr\u00e9s sobre la producci\u00f3 d&#8217;aquests aliments i la seva import\u00e0ncia per a l&#8217;economia local.<\/p>\n<p style=\"text-align: justify;\">En resum, la participaci\u00f3 en aquest programa \u00e9s una oportunitat \u00fanica per als alumnes per aprendre sobre la import\u00e0ncia d&#8217;una alimentaci\u00f3 saludable i sostenible, aix\u00ed com per descobrir nous aliments i productors locals. Agra\u00efm als responsables del programa per la seva dedicaci\u00f3 i comprom\u00eds amb l&#8217;educaci\u00f3 i la salut dels nostres alumnes.<\/p>\n<p><img loading=\"lazy\" decoding=\"async\" class=\"alignnone size-large\" src=\"https:\/\/pbs.twimg.com\/media\/FvHuATSWIAI7tUU?format=jpg&amp;name=large\" width=\"2048\" height=\"1152\" \/><\/p>\n","protected":false},"excerpt":{"rendered":"<p>Avui, a l&#8217;escola, hem tingut la gran oportunitat de participar en els tallers del Programa de Fruita i Hortalisses. Aquest programa, que es desenvolupa durant el curs escolar 2022-2023, t\u00e9 com a objectiu principal refor\u00e7ar els coneixements i el consum que tenen i fan els&hellip;  <a href=\"https:\/\/agora.xtec.cat\/ceip-fontroure\/general\/tallers-del-programa-de-fruita-i-hortalisses-on-es-el-dinar\/\" title=\"Read Tallers del Programa de Fruita i Hortalisses: On \u00e9s el dinar?\">Llegeix m\u00e9s\u00bb<\/a><\/p>\n","protected":false},"author":13,"featured_media":0,"comment_status":"open","ping_status":"closed","sticky":false,"template":"","format":"standard","meta":{"_bbp_topic_count":0,"_bbp_reply_count":0,"_bbp_total_topic_count":0,"_bbp_total_reply_count":0,"_bbp_voice_count":0,"_bbp_anonymous_reply_count":0,"_bbp_topic_count_hidden":0,"_bbp_reply_count_hidden":0,"_bbp_forum_subforum_count":0,"footnotes":""},"categories":[1,4],"tags":[],"class_list":["post-3867","post","type-post","status-publish","format-standard","hentry","category-general","category-portada"],"post_mailing_queue_ids":[],"_links":{"self":[{"href":"https:\/\/agora.xtec.cat\/ceip-fontroure\/wp-json\/wp\/v2\/posts\/3867","targetHints":{"allow":["GET"]}}],"collection":[{"href":"https:\/\/agora.xtec.cat\/ceip-fontroure\/wp-json\/wp\/v2\/posts"}],"about":[{"href":"https:\/\/agora.xtec.cat\/ceip-fontroure\/wp-json\/wp\/v2\/types\/post"}],"author":[{"embeddable":true,"href":"https:\/\/agora.xtec.cat\/ceip-fontroure\/wp-json\/wp\/v2\/users\/13"}],"replies":[{"embeddable":true,"href":"https:\/\/agora.xtec.cat\/ceip-fontroure\/wp-json\/wp\/v2\/comments?post=3867"}],"version-history":[{"count":1,"href":"https:\/\/agora.xtec.cat\/ceip-fontroure\/wp-json\/wp\/v2\/posts\/3867\/revisions"}],"predecessor-version":[{"id":3868,"href":"https:\/\/agora.xtec.cat\/ceip-fontroure\/wp-json\/wp\/v2\/posts\/3867\/revisions\/3868"}],"wp:attachment":[{"href":"https:\/\/agora.xtec.cat\/ceip-fontroure\/wp-json\/wp\/v2\/media?parent=3867"}],"wp:term":[{"taxonomy":"category","embeddable":true,"href":"https:\/\/agora.xtec.cat\/ceip-fontroure\/wp-json\/wp\/v2\/categories?post=3867"},{"taxonomy":"post_tag","embeddable":true,"href":"https:\/\/agora.xtec.cat\/ceip-fontroure\/wp-json\/wp\/v2\/tags?post=3867"}],"curies":[{"name":"wp","href":"https:\/\/api.w.org\/{rel}","templated":true}]}}