{"id":3841,"date":"2023-04-25T08:27:45","date_gmt":"2023-04-25T06:27:45","guid":{"rendered":"https:\/\/agora.xtec.cat\/ceip-fontroure\/?p=3841"},"modified":"2023-04-26T13:58:59","modified_gmt":"2023-04-26T11:58:59","slug":"tarda-intercultural-dins-lxi-setmana-literaria-mes-enlla-de-les-fronteres-les-portes-del-mon","status":"publish","type":"post","link":"https:\/\/agora.xtec.cat\/ceip-fontroure\/general\/tarda-intercultural-dins-lxi-setmana-literaria-mes-enlla-de-les-fronteres-les-portes-del-mon\/","title":{"rendered":"Tarda Intercultural dins l&#8217;XI setmana liter\u00e0ria &#8220;M\u00e9s enll\u00e0 de les fronteres, les portes del m\u00f3n.&#8221;"},"content":{"rendered":"<div class=\"group w-full text-gray-800 dark:text-gray-100 border-b border-black\/10 dark:border-gray-900\/50 bg-gray-50 dark:bg-[#444654]\">\n<div class=\"text-base gap-4 md:gap-6 md:max-w-2xl lg:max-w-xl xl:max-w-3xl p-4 md:py-6 flex lg:px-0 m-auto\">\n<div class=\"relative flex w-[calc(100%-50px)] flex-col gap-1 md:gap-3 lg:w-[calc(100%-115px)]\">\n<div class=\"flex flex-grow flex-col gap-3\">\n<div class=\"min-h-[20px] flex flex-col items-start gap-4 whitespace-pre-wrap break-words\">\n<p class=\"markdown prose w-full break-words dark:prose-invert light\" style=\"text-align: justify;\">El berenar intercultural \u00e9s un esdeveniment que ofereix la possibilitat de tastar diferents sabors del m\u00f3n, en aquest cas, del Marroc, Pakistan i Alg\u00e8ria. A trav\u00e9s d&#8217;aquesta iniciativa, es promou la interculturalitat i el coneixement de noves cultures a trav\u00e9s de la gastronomia.<\/p>\n<p><img loading=\"lazy\" decoding=\"async\" class=\"alignnone size-large\" src=\"https:\/\/pbs.twimg.com\/media\/FugVWOxXwAES0V8?format=jpg&amp;name=large\" width=\"1536\" height=\"2048\" \/><\/p>\n<p class=\"markdown prose w-full break-words dark:prose-invert light\" style=\"text-align: justify;\">Els assistents poden barrejar-se amb la gent local i aprendre sobre la proced\u00e8ncia dels aliments i com cuinar-los. Aquesta activitat tamb\u00e9 ajuda a expandir els horitzons culinaris i aix\u00ed, descobrir noves combinacions de sabors i plats. En definitiva, el berenar intercultural \u00e9s una oportunitat per experimentar amb diferents menjars i con\u00e8ixer noves cultures a trav\u00e9s de la cuina.<\/p>\n<p><img loading=\"lazy\" decoding=\"async\" class=\"alignnone size-large\" src=\"https:\/\/pbs.twimg.com\/media\/FugVVnmXoAAM4q_?format=jpg&amp;name=large\" width=\"2048\" height=\"1536\" \/><\/p>\n<\/div>\n<\/div>\n<\/div>\n<\/div>\n<\/div>\n<div class=\"group w-full text-gray-800 dark:text-gray-100 border-b border-black\/10 dark:border-gray-900\/50 dark:bg-gray-800\">\n<div class=\"text-base gap-4 md:gap-6 md:max-w-2xl lg:max-w-xl xl:max-w-3xl p-4 md:py-6 flex lg:px-0 m-auto\">\n<div class=\"w-[30px] flex flex-col relative items-end\">\n<div class=\"relative flex\">\n<div class=\"group w-full text-gray-800 dark:text-gray-100 border-b border-black\/10 dark:border-gray-900\/50 bg-gray-50 dark:bg-[#444654]\">\n<div class=\"text-base gap-4 md:gap-6 md:max-w-2xl lg:max-w-xl xl:max-w-3xl p-4 md:py-6 flex lg:px-0 m-auto\">\n<div class=\"relative flex w-[calc(100%-50px)] flex-col gap-1 md:gap-3 lg:w-[calc(100%-115px)]\">\n<div class=\"min-h-[20px] flex flex-col items-start gap-4 whitespace-pre-wrap break-words\">\n<p class=\"markdown prose w-full break-words dark:prose-invert light\" style=\"text-align: justify;\">El dilluns 24\/04\/23 a les 16:45, l&#8217;escola va organitzar diferents activitats per celebrar el mes del Ramad\u00e0. Durant la tarda, es va realitzar un taller de cuina \u00e0rab perqu\u00e8 els alumnes poguessin con\u00e8ixer i tastar plats t\u00edpics d&#8217;aquesta cultura. A m\u00e9s, al gimn\u00e0s de l&#8217;escola, es van organitzar diferents tallers i activitats relacionades amb el Ramad\u00e0, com ara una parada d&#8217;HENNA, un raconet de lectura i una presentaci\u00f3 del mes del Ramad\u00e0. Tamb\u00e9 es va habilitar una parada perqu\u00e8 els alumnes poguessin aprendre a escriure el seu nom en \u00e0rab. Finalment, al porxo del pati, es va servir un berenar intercultural perqu\u00e8 els alumnes poguessin tastar diferents sabors del m\u00f3n.<\/p>\n<div><\/div>\n<div><img loading=\"lazy\" decoding=\"async\" class=\"alignnone size-large\" src=\"https:\/\/pbs.twimg.com\/media\/FugVWPRWIAwPrDE?format=jpg&amp;name=large\" width=\"2048\" height=\"1536\" \/><\/div>\n<div>\n<\/div>\n<div><img loading=\"lazy\" decoding=\"async\" class=\"alignnone size-large\" src=\"https:\/\/pbs.twimg.com\/media\/FugVVn7WIDEJ4UU?format=jpg&amp;name=large\" width=\"2048\" height=\"1536\" \/><\/div>\n<\/div>\n<\/div>\n<\/div>\n<\/div>\n<\/div>\n<\/div>\n<\/div>\n<\/div>\n<div><\/div>\n<div><\/div>\n<div class=\"group w-full text-gray-800 dark:text-gray-100 border-b border-black\/10 dark:border-gray-900\/50 dark:bg-gray-800\">\n<div class=\"text-base gap-4 md:gap-6 md:max-w-2xl lg:max-w-xl xl:max-w-3xl p-4 md:py-6 flex lg:px-0 m-auto\">\n<div class=\"w-[30px] flex flex-col relative items-end\">\n<div class=\"relative flex\">\n<div class=\"group w-full text-gray-800 dark:text-gray-100 border-b border-black\/10 dark:border-gray-900\/50 bg-gray-50 dark:bg-[#444654]\">\n<div class=\"text-base gap-4 md:gap-6 md:max-w-2xl lg:max-w-xl xl:max-w-3xl p-4 md:py-6 flex lg:px-0 m-auto\">\n<div class=\"relative flex w-[calc(100%-50px)] flex-col gap-1 md:gap-3 lg:w-[calc(100%-115px)]\">\n<div>\n<div class=\"group w-full text-gray-800 dark:text-gray-100 border-b border-black\/10 dark:border-gray-900\/50 dark:bg-gray-800\">\n<div class=\"text-base gap-4 md:gap-6 md:max-w-2xl lg:max-w-xl xl:max-w-3xl p-4 md:py-6 flex lg:px-0 m-auto\">\n<div class=\"relative flex w-[calc(100%-50px)] flex-col gap-1 md:gap-3 lg:w-[calc(100%-115px)]\">\n<div class=\"flex flex-grow flex-col gap-3\">\n<div><img loading=\"lazy\" decoding=\"async\" class=\"alignnone size-large\" src=\"https:\/\/pbs.twimg.com\/media\/FugVWPVWIAItQGx?format=jpg&amp;name=large\" width=\"2048\" height=\"1536\" \/><\/div>\n<p>&nbsp;<\/p>\n<p class=\"min-h-[20px] flex flex-col items-start gap-4 whitespace-pre-wrap break-words\" style=\"text-align: justify;\">&#8220;En aquesta part de l&#8217;\u00c0frica, les aromes s\u00f3n el vincle d&#8217;uni\u00f3 entre les diverses cuines, que s&#8217;han adaptat a la disponibilitat d&#8217;ingredients de cada regi\u00f3. Les esp\u00e8cies omplen de colors els mercats bulliciosos del nord d&#8217;\u00c0frica i donen gust a plats aut\u00f2ctons, creant condiments harmoniosos que es mengen amb pa sense llevat o cusc\u00fas.&#8221; Genny Gallo<\/p>\n<div><\/div>\n<div><img loading=\"lazy\" decoding=\"async\" class=\"alignnone size-large\" src=\"https:\/\/pbs.twimg.com\/media\/FugVVniWAAI1I4r?format=jpg&amp;name=large\" width=\"2048\" height=\"1536\" \/><\/div>\n<\/div>\n<\/div>\n<\/div>\n<\/div>\n<\/div>\n<div class=\"flex justify-between lg:block\">\n<div class=\"text-gray-400 flex self-end lg:self-center justify-center mt-2 gap-2 md:gap-3 lg:gap-1 lg:absolute lg:top-0 lg:translate-x-full lg:right-0 lg:mt-0 lg:pl-2 visible\">\n<div class=\"group w-full text-gray-800 dark:text-gray-100 border-b border-black\/10 dark:border-gray-900\/50 dark:bg-gray-800\">\n<div class=\"text-base gap-4 md:gap-6 md:max-w-2xl lg:max-w-xl xl:max-w-3xl p-4 md:py-6 flex lg:px-0 m-auto\">\n<div class=\"relative flex w-[calc(100%-50px)] flex-col gap-1 md:gap-3 lg:w-[calc(100%-115px)]\">\n<p>&nbsp;<\/p>\n<p class=\"text-gray-400 flex self-end lg:self-center justify-center mt-2 gap-2 md:gap-3 lg:gap-1 lg:absolute lg:top-0 lg:translate-x-full lg:right-0 lg:mt-0 lg:pl-2 visible\" style=\"text-align: justify;\">Aquesta cita de Genny Gallo destaca la import\u00e0ncia de les esp\u00e8cies en la cuina del nord d&#8217;\u00c0frica, que han estat un element clau per unir les diferents cuines de la regi\u00f3, tot adaptant-se als ingredients disponibles en cada zona. Aix\u00ed, els mercats de la regi\u00f3 s\u00f3n plens de colors i aromes, i les esp\u00e8cies s\u00f3n utilitzades per crear deliciosos condiments que acompanyen plats aut\u00f2ctons com el pa sense llevat o el cusc\u00fas. La cita de Gallo destaca la import\u00e0ncia de les esp\u00e8cies i dels sabors en la cuina nord-africana, que reflecteixen la riquesa cultural i culin\u00e0ria de la regi\u00f3.<\/p>\n<p>&nbsp;<\/p>\n<p><img loading=\"lazy\" decoding=\"async\" class=\"alignnone size-large\" src=\"https:\/\/pbs.twimg.com\/media\/FugVVn7WIOkVC7X?format=jpg&amp;name=large\" width=\"2048\" height=\"1536\" \/><\/p>\n<\/div>\n<\/div>\n<\/div>\n<div class=\"group w-full text-gray-800 dark:text-gray-100 border-b border-black\/10 dark:border-gray-900\/50 bg-gray-50 dark:bg-[#444654]\">\n<div class=\"text-base gap-4 md:gap-6 md:max-w-2xl lg:max-w-xl xl:max-w-3xl p-4 md:py-6 flex lg:px-0 m-auto\">\n<div class=\"w-[30px] flex flex-col relative items-end\">\n<div class=\"relative h-[30px] w-[30px] p-1 rounded-sm text-white flex items-center justify-center\">\n<p style=\"text-align: justify;\">Estimat\/da membre de la comunitat musulmana,<\/p>\n<p style=\"text-align: justify;\">En nom de la nostra escola i de tots els que vam participar en la tarda intercultural del dilluns 24\/04\/23, ens agradaria expressar el nostre m\u00e9s sincer agra\u00efment per la vostra participaci\u00f3 i contribuci\u00f3 a l&#8217;\u00e8xit d&#8217;aquest esdeveniment.<\/p>\n<p style=\"text-align: justify;\">Amb la vostra pres\u00e8ncia i participaci\u00f3, hem pogut gaudir d&#8217;un tastet de la vostra cultura i apreciar la riquesa i la diversitat que ens envolta. Les vostres activitats, tallers i presentacions van ser una font d&#8217;aprenentatge i inspiraci\u00f3 per a tots nosaltres.<\/p>\n<p style=\"text-align: justify;\">A trav\u00e9s de la XI Setmana Liter\u00e0ria, hem pogut apropar cultures i construir una comunitat m\u00e9s gran, m\u00e9s conscient, m\u00e9s inclusiva i m\u00e9s oberta de ment i mirada. La vostra participaci\u00f3 ha ajudat a fer cr\u00e9ixer i madurar aquesta comunitat, i esperem que continu\u00efm treballant junts per aconseguir aquest objectiu.<\/p>\n<p style=\"text-align: justify;\">Moltes gr\u00e0cies de nou per la vostra contribuci\u00f3, esperem seguir veient-vos a les nostres activitats i celebracions futures.<\/p>\n<p>Atentament,<\/p>\n<p>L&#8217;equip.<\/p>\n<p><img loading=\"lazy\" decoding=\"async\" class=\"alignnone size-large\" src=\"https:\/\/pbs.twimg.com\/media\/FugVWPUXwAAD8xN?format=jpg&amp;name=large\" width=\"2048\" height=\"1536\" \/><\/p>\n<\/div>\n<\/div>\n<\/div>\n<\/div>\n<\/div>\n<\/div>\n<\/div>\n<\/div>\n<\/div>\n<\/div>\n<\/div>\n<\/div>\n<\/div>\n","protected":false},"excerpt":{"rendered":"<p>El berenar intercultural \u00e9s un esdeveniment que ofereix la possibilitat de tastar diferents sabors del m\u00f3n, en aquest cas, del Marroc, Pakistan i Alg\u00e8ria. A trav\u00e9s d&#8217;aquesta iniciativa, es promou la interculturalitat i el coneixement de noves cultures a trav\u00e9s de la gastronomia.<\/p>\n<p>Els assistents poden&hellip;  <a href=\"https:\/\/agora.xtec.cat\/ceip-fontroure\/general\/tarda-intercultural-dins-lxi-setmana-literaria-mes-enlla-de-les-fronteres-les-portes-del-mon\/\" title=\"Read Tarda Intercultural dins l&#8217;XI setmana liter\u00e0ria &#8220;M\u00e9s enll\u00e0 de les fronteres, les portes del m\u00f3n.&#8221;\">Llegeix m\u00e9s\u00bb<\/a><\/p>\n","protected":false},"author":13,"featured_media":0,"comment_status":"open","ping_status":"closed","sticky":false,"template":"","format":"standard","meta":{"_bbp_topic_count":0,"_bbp_reply_count":0,"_bbp_total_topic_count":0,"_bbp_total_reply_count":0,"_bbp_voice_count":0,"_bbp_anonymous_reply_count":0,"_bbp_topic_count_hidden":0,"_bbp_reply_count_hidden":0,"_bbp_forum_subforum_count":0,"footnotes":""},"categories":[1,4],"tags":[],"class_list":["post-3841","post","type-post","status-publish","format-standard","hentry","category-general","category-portada"],"post_mailing_queue_ids":[],"_links":{"self":[{"href":"https:\/\/agora.xtec.cat\/ceip-fontroure\/wp-json\/wp\/v2\/posts\/3841","targetHints":{"allow":["GET"]}}],"collection":[{"href":"https:\/\/agora.xtec.cat\/ceip-fontroure\/wp-json\/wp\/v2\/posts"}],"about":[{"href":"https:\/\/agora.xtec.cat\/ceip-fontroure\/wp-json\/wp\/v2\/types\/post"}],"author":[{"embeddable":true,"href":"https:\/\/agora.xtec.cat\/ceip-fontroure\/wp-json\/wp\/v2\/users\/13"}],"replies":[{"embeddable":true,"href":"https:\/\/agora.xtec.cat\/ceip-fontroure\/wp-json\/wp\/v2\/comments?post=3841"}],"version-history":[{"count":3,"href":"https:\/\/agora.xtec.cat\/ceip-fontroure\/wp-json\/wp\/v2\/posts\/3841\/revisions"}],"predecessor-version":[{"id":3848,"href":"https:\/\/agora.xtec.cat\/ceip-fontroure\/wp-json\/wp\/v2\/posts\/3841\/revisions\/3848"}],"wp:attachment":[{"href":"https:\/\/agora.xtec.cat\/ceip-fontroure\/wp-json\/wp\/v2\/media?parent=3841"}],"wp:term":[{"taxonomy":"category","embeddable":true,"href":"https:\/\/agora.xtec.cat\/ceip-fontroure\/wp-json\/wp\/v2\/categories?post=3841"},{"taxonomy":"post_tag","embeddable":true,"href":"https:\/\/agora.xtec.cat\/ceip-fontroure\/wp-json\/wp\/v2\/tags?post=3841"}],"curies":[{"name":"wp","href":"https:\/\/api.w.org\/{rel}","templated":true}]}}