{"id":3839,"date":"2023-04-25T08:16:50","date_gmt":"2023-04-25T06:16:50","guid":{"rendered":"https:\/\/agora.xtec.cat\/ceip-fontroure\/?p=3839"},"modified":"2023-04-26T14:01:26","modified_gmt":"2023-04-26T12:01:26","slug":"xi-setmana-literaria-amb-leix-tranversal-mes-enlla-de-les-fronteres-i-la-cantania-les-portes-del-mon","status":"publish","type":"post","link":"https:\/\/agora.xtec.cat\/ceip-fontroure\/portada\/xi-setmana-literaria-amb-leix-tranversal-mes-enlla-de-les-fronteres-i-la-cantania-les-portes-del-mon\/","title":{"rendered":"XI Setmana Liter\u00e0ria amb l&#8217;eix tranversal &#8220;M\u00e9s enll\u00e0 de les fronteres&#8221; i la Cant\u00e0nia &#8220;Les portes del m\u00f3n&#8221;"},"content":{"rendered":"<p style=\"text-align: justify;\">La XI Setmana Liter\u00e0ria de l&#8217;Escola Font del Roure ha estat una experi\u00e8ncia \u00fanica per als alumnes, els docents i les fam\u00edlies. Amb l&#8217;eix tranversal &#8220;M\u00e9s enll\u00e0 de les fronteres&#8221; i la Cant\u00e0nia &#8220;Les portes del m\u00f3n&#8221;, hem explorat la literatura i la cultura de diferents pa\u00efsos per descobrir noves perspectives i nous punts de vista.<\/p>\n<p><img loading=\"lazy\" decoding=\"async\" class=\"alignnone size-large\" src=\"https:\/\/pbs.twimg.com\/media\/FuYm_U4X0AIdHyw?format=jpg&amp;name=large\" width=\"2048\" height=\"1536\" \/><\/p>\n<p style=\"text-align: justify;\">Com deia Marcel Proust, &#8220;el veritable viatge de descoberta no consisteix a cercar noves terres sin\u00f3 a veure amb uns altres ulls&#8221;. I aix\u00f2 \u00e9s precisament el que hem fet durant aquesta setmana liter\u00e0ria: hem apr\u00e8s a veure el m\u00f3n amb uns altres ulls, a trav\u00e9s dels sentits i les emocions.<\/p>\n<p><img loading=\"lazy\" decoding=\"async\" class=\"alignnone size-large\" src=\"https:\/\/pbs.twimg.com\/media\/FuQuEE6XoAA41S1?format=jpg&amp;name=medium\" width=\"1024\" height=\"768\" \/><\/p>\n<p style=\"text-align: justify;\">Els alumnes de 5\u00e8 de prim\u00e0ria van oferir un espectacle incre\u00efble amb el concert de Cant\u00e0nia &#8220;Les portes del m\u00f3n&#8221;. Va ser una oportunitat per a ells de mostrar el que havien apr\u00e8s i de compartir la seva passi\u00f3 per la m\u00fasica amb tota l&#8217;escola. Com deia Beethoven, &#8220;la m\u00fasica \u00e9s la llengua de l&#8217;\u00e0nima&#8221;. I aquesta Cant\u00e0nia va ser una mostra clara d&#8217;aix\u00f2.<\/p>\n<p><img loading=\"lazy\" decoding=\"async\" class=\"alignnone size-large\" src=\"https:\/\/pbs.twimg.com\/media\/FuKdJdZaIAYNxhV?format=jpg&amp;name=large\" width=\"2048\" height=\"1536\" \/><\/p>\n<p><img loading=\"lazy\" decoding=\"async\" class=\"alignnone size-large\" src=\"https:\/\/pbs.twimg.com\/media\/FuKd5lIaYAgVy0o?format=jpg&amp;name=large\" width=\"2048\" height=\"1536\" \/><\/p>\n<p style=\"text-align: justify;\">Els jocs florals van ser una altra activitat destacada de la setmana. Els alumnes van presentar les seves obres liter\u00e0ries i les fam\u00edlies van participar en el concurs fotogr\u00e0fic &#8220;Veure m\u00e9s enll\u00e0&#8221;. Com deia Victor Hugo, &#8220;la poesia \u00e9s el so que fa vibrar les paraules&#8221;. I aix\u00f2 \u00e9s el que vam sentir durant aquesta activitat: paraules que vibraven i que ens transportaven a altres llocs i altres temps.<\/p>\n<p><img loading=\"lazy\" decoding=\"async\" class=\"alignnone size-large\" src=\"https:\/\/pbs.twimg.com\/media\/FuQuEE-X0AkedKD?format=jpg&amp;name=medium\" width=\"1024\" height=\"768\" \/><\/p>\n<p style=\"text-align: justify;\">I, finalment, la marat\u00f3 de poesia de les fam\u00edlies va ser una oportunitat per a tots nosaltres de compartir la nostra passi\u00f3 per la literatura amb els m\u00e9s petits. Com deia Gabriel Garc\u00eda M\u00e1rquez, &#8220;la literatura \u00e9s una manera de con\u00e8ixer el m\u00f3n, de con\u00e8ixer-nos a nosaltres mateixos i als altres&#8221;. I aix\u00f2 \u00e9s precisament el que vam fer durant aquesta marat\u00f3: con\u00e8ixer el m\u00f3n i con\u00e8ixer-nos a nosaltres mateixos a trav\u00e9s de la literatura.<\/p>\n<p><img loading=\"lazy\" decoding=\"async\" class=\"alignnone size-large\" src=\"https:\/\/pbs.twimg.com\/media\/FugTnCGWIAUxqCw?format=jpg&amp;name=large\" width=\"2048\" height=\"1536\" \/><\/p>\n<p><img loading=\"lazy\" decoding=\"async\" class=\"alignnone size-large\" src=\"https:\/\/pbs.twimg.com\/media\/FugTnCDWIDgfso4?format=jpg&amp;name=large\" width=\"2048\" height=\"1536\" \/><\/p>\n<p style=\"text-align: justify;\">En resum, la XI Setmana Liter\u00e0ria de l&#8217;Escola Font del Roure ha estat una experi\u00e8ncia inoblidable per a tots nosaltres. Hem apr\u00e8s a veure el m\u00f3n amb uns altres ulls, a trav\u00e9s dels sentits i les emocions, i hem descobert noves perspectives i nous punts de vista. Com deia Italo Calvino, &#8220;un cl\u00e0ssic \u00e9s un llibre que mai ha acabat de dir all\u00f2 que tenia per dir&#8221;. I aix\u00f2 \u00e9s precisament el que hem apr\u00e8s aquesta setmana: que la literatura \u00e9s infinita i que sempre hi haur\u00e0 alguna cosa nova per descobrir.<\/p>\n<p>&nbsp;<\/p>\n","protected":false},"excerpt":{"rendered":"<p>La XI Setmana Liter\u00e0ria de l&#8217;Escola Font del Roure ha estat una experi\u00e8ncia \u00fanica per als alumnes, els docents i les fam\u00edlies. Amb l&#8217;eix tranversal &#8220;M\u00e9s enll\u00e0 de les fronteres&#8221; i la Cant\u00e0nia &#8220;Les portes del m\u00f3n&#8221;, hem explorat la literatura i la cultura de&hellip;  <a href=\"https:\/\/agora.xtec.cat\/ceip-fontroure\/portada\/xi-setmana-literaria-amb-leix-tranversal-mes-enlla-de-les-fronteres-i-la-cantania-les-portes-del-mon\/\" title=\"Read XI Setmana Liter\u00e0ria amb l&#8217;eix tranversal &#8220;M\u00e9s enll\u00e0 de les fronteres&#8221; i la Cant\u00e0nia &#8220;Les portes del m\u00f3n&#8221;\">Llegeix m\u00e9s\u00bb<\/a><\/p>\n","protected":false},"author":13,"featured_media":0,"comment_status":"open","ping_status":"closed","sticky":false,"template":"","format":"standard","meta":{"_bbp_topic_count":0,"_bbp_reply_count":0,"_bbp_total_topic_count":0,"_bbp_total_reply_count":0,"_bbp_voice_count":0,"_bbp_anonymous_reply_count":0,"_bbp_topic_count_hidden":0,"_bbp_reply_count_hidden":0,"_bbp_forum_subforum_count":0,"footnotes":""},"categories":[4],"tags":[],"class_list":["post-3839","post","type-post","status-publish","format-standard","hentry","category-portada"],"post_mailing_queue_ids":[],"_links":{"self":[{"href":"https:\/\/agora.xtec.cat\/ceip-fontroure\/wp-json\/wp\/v2\/posts\/3839","targetHints":{"allow":["GET"]}}],"collection":[{"href":"https:\/\/agora.xtec.cat\/ceip-fontroure\/wp-json\/wp\/v2\/posts"}],"about":[{"href":"https:\/\/agora.xtec.cat\/ceip-fontroure\/wp-json\/wp\/v2\/types\/post"}],"author":[{"embeddable":true,"href":"https:\/\/agora.xtec.cat\/ceip-fontroure\/wp-json\/wp\/v2\/users\/13"}],"replies":[{"embeddable":true,"href":"https:\/\/agora.xtec.cat\/ceip-fontroure\/wp-json\/wp\/v2\/comments?post=3839"}],"version-history":[{"count":2,"href":"https:\/\/agora.xtec.cat\/ceip-fontroure\/wp-json\/wp\/v2\/posts\/3839\/revisions"}],"predecessor-version":[{"id":3849,"href":"https:\/\/agora.xtec.cat\/ceip-fontroure\/wp-json\/wp\/v2\/posts\/3839\/revisions\/3849"}],"wp:attachment":[{"href":"https:\/\/agora.xtec.cat\/ceip-fontroure\/wp-json\/wp\/v2\/media?parent=3839"}],"wp:term":[{"taxonomy":"category","embeddable":true,"href":"https:\/\/agora.xtec.cat\/ceip-fontroure\/wp-json\/wp\/v2\/categories?post=3839"},{"taxonomy":"post_tag","embeddable":true,"href":"https:\/\/agora.xtec.cat\/ceip-fontroure\/wp-json\/wp\/v2\/tags?post=3839"}],"curies":[{"name":"wp","href":"https:\/\/api.w.org\/{rel}","templated":true}]}}