{"id":2124,"date":"2018-04-12T15:49:30","date_gmt":"2018-04-12T13:49:30","guid":{"rendered":"http:\/\/agora.xtec.cat\/ceip-fontroure\/?p=2124"},"modified":"2018-04-13T09:30:10","modified_gmt":"2018-04-13T07:30:10","slug":"audicions-mes-dabril-2018-musica-de-poetes","status":"publish","type":"post","link":"https:\/\/agora.xtec.cat\/ceip-fontroure\/general\/audicions-mes-dabril-2018-musica-de-poetes\/","title":{"rendered":"Audicions mes d&#8217;abril 2018&#8230; M\u00fasica de poetes."},"content":{"rendered":"<p><a href=\"http:\/\/agora.xtec.cat\/ceip-fontroure\/wp-content\/uploads\/usu620\/2018\/04\/audicionsm\u00fasica-de-poetes.jpg\"><img loading=\"lazy\" decoding=\"async\" class=\"alignnone size-large wp-image-2125\" src=\"http:\/\/agora.xtec.cat\/ceip-fontroure\/wp-content\/uploads\/usu620\/2018\/04\/audicionsm\u00fasica-de-poetes-724x1024.jpg\" alt=\"\" width=\"724\" height=\"1024\" srcset=\"https:\/\/agora.xtec.cat\/ceip-fontroure\/wp-content\/uploads\/usu620\/2018\/04\/audicionsm\u00fasica-de-poetes-724x1024.jpg 724w, https:\/\/agora.xtec.cat\/ceip-fontroure\/wp-content\/uploads\/usu620\/2018\/04\/audicionsm\u00fasica-de-poetes-212x300.jpg 212w, https:\/\/agora.xtec.cat\/ceip-fontroure\/wp-content\/uploads\/usu620\/2018\/04\/audicionsm\u00fasica-de-poetes-768x1086.jpg 768w, https:\/\/agora.xtec.cat\/ceip-fontroure\/wp-content\/uploads\/usu620\/2018\/04\/audicionsm\u00fasica-de-poetes.jpg 794w\" sizes=\"auto, (max-width: 724px) 100vw, 724px\" \/><\/a><\/p>\n<blockquote>\n<div><em>&#8220;\u00c9s prou sabut que la can\u00e7\u00f3 culta i la poesia tenen un origen com\u00fa. Parafrasejant L\u00e9o Ferr\u00e9, durant molt de temps la poesia nom\u00e9s aconseguia el seu prop\u00f2sit gr\u00e0cies a la corda vocal, aix\u00ed com el viol\u00ed nom\u00e9s aconsegueix el seu amb l\u2019arquet que el frega. Amb els segles, per\u00f2, la difusi\u00f3 del llibre i el progr\u00e9s de la lectura individual i silenciosa van anar allunyant dos g\u00e8neres que havien estat un de sol, i la can\u00e7\u00f3 \u2013tal com l\u00facidament va analitzar Louis Aragon en el seu text La rime en 1940\u2013 va acabar esdevenint el reducte on es conservaven els elements tradicionals \u2013rima, regularitat m\u00e8trica, ritme\u2013que la poesia pensada per a ser llegida tendia a abandonar.&#8221; Miquel Pujad\u00f3.<br \/>\n<\/em><\/div>\n<\/blockquote>\n","protected":false},"excerpt":{"rendered":"<p><a href=\"http:\/\/agora.xtec.cat\/ceip-fontroure\/wp-content\/uploads\/usu620\/2018\/04\/audicionsm\u00fasica-de-poetes.jpg\"><\/a><\/p>\n<p>&#8220;\u00c9s prou sabut que la can\u00e7\u00f3 culta i la poesia tenen un origen com\u00fa. Parafrasejant L\u00e9o Ferr\u00e9, durant molt de temps la poesia nom\u00e9s aconseguia el seu prop\u00f2sit gr\u00e0cies a la corda vocal, aix\u00ed com el viol\u00ed nom\u00e9s aconsegueix el seu amb l\u2019arquet que&hellip;  <a href=\"https:\/\/agora.xtec.cat\/ceip-fontroure\/general\/audicions-mes-dabril-2018-musica-de-poetes\/\" title=\"Read Audicions mes d&#8217;abril 2018&#8230; M\u00fasica de poetes.\">Llegeix m\u00e9s\u00bb<\/a><\/p>\n","protected":false},"author":1,"featured_media":0,"comment_status":"open","ping_status":"closed","sticky":false,"template":"","format":"standard","meta":{"_bbp_topic_count":0,"_bbp_reply_count":0,"_bbp_total_topic_count":0,"_bbp_total_reply_count":0,"_bbp_voice_count":0,"_bbp_anonymous_reply_count":0,"_bbp_topic_count_hidden":0,"_bbp_reply_count_hidden":0,"_bbp_forum_subforum_count":0,"footnotes":""},"categories":[35,1,27,4],"tags":[],"class_list":["post-2124","post","type-post","status-publish","format-standard","hentry","category-biblioteca-joana-rasppall","category-general","category-musica","category-portada"],"post_mailing_queue_ids":[],"_links":{"self":[{"href":"https:\/\/agora.xtec.cat\/ceip-fontroure\/wp-json\/wp\/v2\/posts\/2124","targetHints":{"allow":["GET"]}}],"collection":[{"href":"https:\/\/agora.xtec.cat\/ceip-fontroure\/wp-json\/wp\/v2\/posts"}],"about":[{"href":"https:\/\/agora.xtec.cat\/ceip-fontroure\/wp-json\/wp\/v2\/types\/post"}],"author":[{"embeddable":true,"href":"https:\/\/agora.xtec.cat\/ceip-fontroure\/wp-json\/wp\/v2\/users\/1"}],"replies":[{"embeddable":true,"href":"https:\/\/agora.xtec.cat\/ceip-fontroure\/wp-json\/wp\/v2\/comments?post=2124"}],"version-history":[{"count":2,"href":"https:\/\/agora.xtec.cat\/ceip-fontroure\/wp-json\/wp\/v2\/posts\/2124\/revisions"}],"predecessor-version":[{"id":2134,"href":"https:\/\/agora.xtec.cat\/ceip-fontroure\/wp-json\/wp\/v2\/posts\/2124\/revisions\/2134"}],"wp:attachment":[{"href":"https:\/\/agora.xtec.cat\/ceip-fontroure\/wp-json\/wp\/v2\/media?parent=2124"}],"wp:term":[{"taxonomy":"category","embeddable":true,"href":"https:\/\/agora.xtec.cat\/ceip-fontroure\/wp-json\/wp\/v2\/categories?post=2124"},{"taxonomy":"post_tag","embeddable":true,"href":"https:\/\/agora.xtec.cat\/ceip-fontroure\/wp-json\/wp\/v2\/tags?post=2124"}],"curies":[{"name":"wp","href":"https:\/\/api.w.org\/{rel}","templated":true}]}}