{"id":1977,"date":"2018-03-23T12:00:07","date_gmt":"2018-03-23T11:00:07","guid":{"rendered":"http:\/\/agora.xtec.cat\/ceip-fontroure\/?p=1977"},"modified":"2018-03-23T12:15:19","modified_gmt":"2018-03-23T11:15:19","slug":"setmana-literaria-2018-centenari-del-naixement-de-joan-brossa","status":"publish","type":"post","link":"https:\/\/agora.xtec.cat\/ceip-fontroure\/general\/setmana-literaria-2018-centenari-del-naixement-de-joan-brossa\/","title":{"rendered":"Setmana liter\u00e0ria 2018 en homenatge a Joan Brossa."},"content":{"rendered":"<p>L&#8217;any 2018 coincideix amb el 20\u00e8 aniversari de la mort del polifac\u00e8tic artista catal\u00e0 Joan Brossa, i el 2019 ser\u00e0 el centenari del seu naixement.<br \/>\n\u00c9s per aix\u00f2 que a l&#8217;escola volem retre-li un petit homenatge a trav\u00e9s dels diferents actes emblem\u00e0tics de la nostra setmana liter\u00e0ria.<br \/>\nBrossa sempre havia aplaudit aquestes iniciatives que feien obrir els ulls dels m\u00e9s petits, amb la idea que &#8220;les coses importants s&#8217;aprenen i no s&#8217;ensenyen.&#8221;<\/p>\n<p><a href=\"http:\/\/agora.xtec.cat\/ceip-fontroure\/wp-content\/uploads\/usu620\/2018\/02\/Joan-brossa.jpg\"><img loading=\"lazy\" decoding=\"async\" class=\"alignnone size-large wp-image-1978\" src=\"http:\/\/agora.xtec.cat\/ceip-fontroure\/wp-content\/uploads\/usu620\/2018\/02\/Joan-brossa-724x1024.jpg\" alt=\"\" width=\"724\" height=\"1024\" srcset=\"https:\/\/agora.xtec.cat\/ceip-fontroure\/wp-content\/uploads\/usu620\/2018\/02\/Joan-brossa-724x1024.jpg 724w, https:\/\/agora.xtec.cat\/ceip-fontroure\/wp-content\/uploads\/usu620\/2018\/02\/Joan-brossa-212x300.jpg 212w, https:\/\/agora.xtec.cat\/ceip-fontroure\/wp-content\/uploads\/usu620\/2018\/02\/Joan-brossa-768x1086.jpg 768w, https:\/\/agora.xtec.cat\/ceip-fontroure\/wp-content\/uploads\/usu620\/2018\/02\/Joan-brossa.jpg 1588w\" sizes=\"auto, (max-width: 724px) 100vw, 724px\" \/><\/a><\/p>\n<p>VI MARAT\u00d3 DE POESIA<br \/>\nLa lectura \u00e9s una molt bona eina per acostar-nos i perqu\u00e8 els nens i nenes gaudeixin d\u2019una estona especial compartida entre fam\u00edlia-escola.<br \/>\nConsiderem que tenim a les nostres mans el despertar del gust per la lectura i per la literatura dels nostres infants. Podem oferir-los un bon exemple com a models de bons lectors que apreciem el que fem i llegim com a font de plaer i d\u2019enriquiment mutu.<br \/>\nANIMEU-VOS A PARTICIPAR!<\/p>\n<p><a href=\"http:\/\/agora.xtec.cat\/ceip-fontroure\/wp-content\/uploads\/usu620\/2018\/02\/2-2.jpg\"><img loading=\"lazy\" decoding=\"async\" class=\"alignnone size-large wp-image-2076\" src=\"http:\/\/agora.xtec.cat\/ceip-fontroure\/wp-content\/uploads\/usu620\/2018\/02\/2-2-791x1024.jpg\" alt=\"\" width=\"791\" height=\"1024\" srcset=\"https:\/\/agora.xtec.cat\/ceip-fontroure\/wp-content\/uploads\/usu620\/2018\/02\/2-2-791x1024.jpg 791w, https:\/\/agora.xtec.cat\/ceip-fontroure\/wp-content\/uploads\/usu620\/2018\/02\/2-2-232x300.jpg 232w, https:\/\/agora.xtec.cat\/ceip-fontroure\/wp-content\/uploads\/usu620\/2018\/02\/2-2-768x994.jpg 768w, https:\/\/agora.xtec.cat\/ceip-fontroure\/wp-content\/uploads\/usu620\/2018\/02\/2-2.jpg 816w\" sizes=\"auto, (max-width: 791px) 100vw, 791px\" \/><\/a><\/p>\n<p>VI CONCURS DE FOTOGRAFIA<br \/>\nEnguany el concurs fotogr\u00e0fic de mares i pares tamb\u00e9 est\u00e0 relacionat amb la poesia visual, sota el t\u00edtol \u201cPoesia Visual: la m\u00e0gia de les lletres\u201d, en tres categories:<br \/>\na) Lletres visibles.<br \/>\nb) Foto d\u2019objectes descontextualitzats.<br \/>\nc) Foto m\u00e0gia (il\u00b7lusions \u00f2ptiques).<br \/>\nfontroureci@gmail.com<br \/>\nANIMEU-VOS A PARTICIPAR!<\/p>\n<p><a href=\"http:\/\/agora.xtec.cat\/ceip-fontroure\/wp-content\/uploads\/usu620\/2018\/02\/1-2.jpg\"><img loading=\"lazy\" decoding=\"async\" class=\"alignnone size-large wp-image-2075\" src=\"http:\/\/agora.xtec.cat\/ceip-fontroure\/wp-content\/uploads\/usu620\/2018\/02\/1-2-791x1024.jpg\" alt=\"\" width=\"791\" height=\"1024\" srcset=\"https:\/\/agora.xtec.cat\/ceip-fontroure\/wp-content\/uploads\/usu620\/2018\/02\/1-2-791x1024.jpg 791w, https:\/\/agora.xtec.cat\/ceip-fontroure\/wp-content\/uploads\/usu620\/2018\/02\/1-2-232x300.jpg 232w, https:\/\/agora.xtec.cat\/ceip-fontroure\/wp-content\/uploads\/usu620\/2018\/02\/1-2-768x994.jpg 768w, https:\/\/agora.xtec.cat\/ceip-fontroure\/wp-content\/uploads\/usu620\/2018\/02\/1-2.jpg 816w\" sizes=\"auto, (max-width: 791px) 100vw, 791px\" \/><\/a><\/p>\n","protected":false},"excerpt":{"rendered":"<p>Del 16 al 24 d&#8217;abril, Setmana liter\u00e0ria 2018 centenari del naixement de Joan Brossa &hellip;  <a href=\"https:\/\/agora.xtec.cat\/ceip-fontroure\/general\/setmana-literaria-2018-centenari-del-naixement-de-joan-brossa\/\" title=\"Read Setmana liter\u00e0ria 2018 en homenatge a Joan Brossa.\">Llegeix m\u00e9s\u00bb<\/a><\/p>\n","protected":false},"author":1,"featured_media":1978,"comment_status":"open","ping_status":"closed","sticky":false,"template":"","format":"standard","meta":{"_bbp_topic_count":0,"_bbp_reply_count":0,"_bbp_total_topic_count":0,"_bbp_total_reply_count":0,"_bbp_voice_count":0,"_bbp_anonymous_reply_count":0,"_bbp_topic_count_hidden":0,"_bbp_reply_count_hidden":0,"_bbp_forum_subforum_count":0,"footnotes":""},"categories":[35,1,4],"tags":[],"class_list":["post-1977","post","type-post","status-publish","format-standard","has-post-thumbnail","hentry","category-biblioteca-joana-rasppall","category-general","category-portada"],"post_mailing_queue_ids":[],"_links":{"self":[{"href":"https:\/\/agora.xtec.cat\/ceip-fontroure\/wp-json\/wp\/v2\/posts\/1977","targetHints":{"allow":["GET"]}}],"collection":[{"href":"https:\/\/agora.xtec.cat\/ceip-fontroure\/wp-json\/wp\/v2\/posts"}],"about":[{"href":"https:\/\/agora.xtec.cat\/ceip-fontroure\/wp-json\/wp\/v2\/types\/post"}],"author":[{"embeddable":true,"href":"https:\/\/agora.xtec.cat\/ceip-fontroure\/wp-json\/wp\/v2\/users\/1"}],"replies":[{"embeddable":true,"href":"https:\/\/agora.xtec.cat\/ceip-fontroure\/wp-json\/wp\/v2\/comments?post=1977"}],"version-history":[{"count":3,"href":"https:\/\/agora.xtec.cat\/ceip-fontroure\/wp-json\/wp\/v2\/posts\/1977\/revisions"}],"predecessor-version":[{"id":2078,"href":"https:\/\/agora.xtec.cat\/ceip-fontroure\/wp-json\/wp\/v2\/posts\/1977\/revisions\/2078"}],"wp:featuredmedia":[{"embeddable":true,"href":"https:\/\/agora.xtec.cat\/ceip-fontroure\/wp-json\/wp\/v2\/media\/1978"}],"wp:attachment":[{"href":"https:\/\/agora.xtec.cat\/ceip-fontroure\/wp-json\/wp\/v2\/media?parent=1977"}],"wp:term":[{"taxonomy":"category","embeddable":true,"href":"https:\/\/agora.xtec.cat\/ceip-fontroure\/wp-json\/wp\/v2\/categories?post=1977"},{"taxonomy":"post_tag","embeddable":true,"href":"https:\/\/agora.xtec.cat\/ceip-fontroure\/wp-json\/wp\/v2\/tags?post=1977"}],"curies":[{"name":"wp","href":"https:\/\/api.w.org\/{rel}","templated":true}]}}