{"id":9670,"date":"2022-12-19T17:57:44","date_gmt":"2022-12-19T16:57:44","guid":{"rendered":"https:\/\/agora.xtec.cat\/ceip-fontfreda\/?p=9670"},"modified":"2022-12-19T17:57:44","modified_gmt":"2022-12-19T16:57:44","slug":"recaptacio-marato-de-tv3","status":"publish","type":"post","link":"https:\/\/agora.xtec.cat\/ceip-fontfreda\/general\/recaptacio-marato-de-tv3\/","title":{"rendered":"Recaptaci\u00f3 Marat\u00f3 de TV3"},"content":{"rendered":"<p>Benvolgudes fam\u00edlies,<\/p>\n<p>Volem agrair-vos la participaci\u00f3 en les activitats realitzades per la Marat\u00f3 de TV3 per les malalties cardiovasculars.<\/p>\n<p>Us informem que la recaptaci\u00f3 aconseguida per l&#8217;Afa amb el berenar Solidari i la venda dels productes realitzats pels alumnes ha estat de <strong>300\u20ac.\u00a0<\/strong><\/p>\n<p>Un fort aplaudiment per tots i totes.<\/p>\n","protected":false},"excerpt":{"rendered":"<p>Benvolgudes fam\u00edlies,<br \/>\nVolem agrair-vos la participaci\u00f3 en les activitats realitzades per la Marat\u00f3 de TV3 per les malalties cardiovasculars.<br \/>\nUs informem que la recaptaci\u00f3 aconseguida per l&#8217;Afa amb el berenar Solidari i la venda dels productes realitzats pels alumnes ha estat de 300\u20ac.\u00a0<br \/>\nUn fort aplaudiment per tots&hellip;  <a href=\"https:\/\/agora.xtec.cat\/ceip-fontfreda\/general\/recaptacio-marato-de-tv3\/\" title=\"Read Recaptaci\u00f3 Marat\u00f3 de TV3\">Llegeix m\u00e9s\u00bb<\/a><\/p>\n","protected":false},"author":23,"featured_media":9662,"comment_status":"open","ping_status":"closed","sticky":false,"template":"","format":"standard","meta":{"_bbp_topic_count":0,"_bbp_reply_count":0,"_bbp_total_topic_count":0,"_bbp_total_reply_count":0,"_bbp_voice_count":0,"_bbp_anonymous_reply_count":0,"_bbp_topic_count_hidden":0,"_bbp_reply_count_hidden":0,"_bbp_forum_subforum_count":0,"footnotes":""},"categories":[1,71,4],"tags":[],"class_list":["post-9670","post","type-post","status-publish","format-standard","has-post-thumbnail","hentry","category-general","category-informacions-afa","category-portada"],"post_mailing_queue_ids":[],"_links":{"self":[{"href":"https:\/\/agora.xtec.cat\/ceip-fontfreda\/wp-json\/wp\/v2\/posts\/9670","targetHints":{"allow":["GET"]}}],"collection":[{"href":"https:\/\/agora.xtec.cat\/ceip-fontfreda\/wp-json\/wp\/v2\/posts"}],"about":[{"href":"https:\/\/agora.xtec.cat\/ceip-fontfreda\/wp-json\/wp\/v2\/types\/post"}],"author":[{"embeddable":true,"href":"https:\/\/agora.xtec.cat\/ceip-fontfreda\/wp-json\/wp\/v2\/users\/23"}],"replies":[{"embeddable":true,"href":"https:\/\/agora.xtec.cat\/ceip-fontfreda\/wp-json\/wp\/v2\/comments?post=9670"}],"version-history":[{"count":1,"href":"https:\/\/agora.xtec.cat\/ceip-fontfreda\/wp-json\/wp\/v2\/posts\/9670\/revisions"}],"predecessor-version":[{"id":9671,"href":"https:\/\/agora.xtec.cat\/ceip-fontfreda\/wp-json\/wp\/v2\/posts\/9670\/revisions\/9671"}],"wp:featuredmedia":[{"embeddable":true,"href":"https:\/\/agora.xtec.cat\/ceip-fontfreda\/wp-json\/wp\/v2\/media\/9662"}],"wp:attachment":[{"href":"https:\/\/agora.xtec.cat\/ceip-fontfreda\/wp-json\/wp\/v2\/media?parent=9670"}],"wp:term":[{"taxonomy":"category","embeddable":true,"href":"https:\/\/agora.xtec.cat\/ceip-fontfreda\/wp-json\/wp\/v2\/categories?post=9670"},{"taxonomy":"post_tag","embeddable":true,"href":"https:\/\/agora.xtec.cat\/ceip-fontfreda\/wp-json\/wp\/v2\/tags?post=9670"}],"curies":[{"name":"wp","href":"https:\/\/api.w.org\/{rel}","templated":true}]}}