{"id":9331,"date":"2022-09-07T09:36:53","date_gmt":"2022-09-07T07:36:53","guid":{"rendered":"https:\/\/agora.xtec.cat\/ceip-fontfreda\/?p=9331"},"modified":"2022-09-07T09:36:53","modified_gmt":"2022-09-07T07:36:53","slug":"extraescolar-batucada","status":"publish","type":"post","link":"https:\/\/agora.xtec.cat\/ceip-fontfreda\/afa\/informacions-afa\/extraescolar-batucada\/","title":{"rendered":"Extraescolar Batucada"},"content":{"rendered":"<p>Hola a tothom!<\/p>\n<p>Aquest curs escolar oferim una nova activitat extraescolar gestionada per l&#8217;Escola Tectum: la BATUCADA!!<\/p>\n<p>Horari: Dilluns de 16.30h-17.45h (Infantil\/Prim\u00e0ria)<\/p>\n<p>A continuaci\u00f3, us adjuntem tota la informaci\u00f3 necess\u00e0ria per poder inscriure als vostres infants!!<\/p>\n<p><a href=\"https:\/\/agora.xtec.cat\/ceip-fontfreda\/wp-content\/uploads\/usu813\/2022\/09\/Folleto-Batucada-Autogestionada.pdf\">Follet\u00f3 Batucada Autogestionada<\/a><\/p>\n<p><a href=\"https:\/\/agora.xtec.cat\/ceip-fontfreda\/wp-content\/uploads\/usu813\/2022\/09\/Batucada-Autogestionada-Inscripcions-Font-Freda.pdf\">Batucada Autogestionada Inscripcions Font Freda<\/a><\/p>\n","protected":false},"excerpt":{"rendered":"<p>Hola a tothom!<br \/>\nAquest curs escolar oferim una nova activitat extraescolar gestionada per l&#8217;Escola Tectum: la BATUCADA!!<br \/>\nHorari: Dilluns de 16.30h-17.45h (Infantil\/Prim\u00e0ria)<br \/>\nA continuaci\u00f3, us adjuntem tota la informaci\u00f3 necess\u00e0ria per poder inscriure als vostres infants!!<br \/>\n<a href=\"https:\/\/agora.xtec.cat\/ceip-fontfreda\/wp-content\/uploads\/usu813\/2022\/09\/Folleto-Batucada-Autogestionada.pdf\">Follet\u00f3 Batucada Autogestionada<\/a><br \/>\n<a href=\"https:\/\/agora.xtec.cat\/ceip-fontfreda\/wp-content\/uploads\/usu813\/2022\/09\/Batucada-Autogestionada-Inscripcions-Font-Freda.pdf\">Batucada Autogestionada Inscripcions Font Freda<\/a><\/p>\n","protected":false},"author":23,"featured_media":0,"comment_status":"open","ping_status":"closed","sticky":false,"template":"","format":"standard","meta":{"_bbp_topic_count":0,"_bbp_reply_count":0,"_bbp_total_topic_count":0,"_bbp_total_reply_count":0,"_bbp_voice_count":0,"_bbp_anonymous_reply_count":0,"_bbp_topic_count_hidden":0,"_bbp_reply_count_hidden":0,"_bbp_forum_subforum_count":0,"footnotes":""},"categories":[72,71],"tags":[],"class_list":["post-9331","post","type-post","status-publish","format-standard","hentry","category-extraescolars-25-26","category-informacions-afa"],"post_mailing_queue_ids":[],"_links":{"self":[{"href":"https:\/\/agora.xtec.cat\/ceip-fontfreda\/wp-json\/wp\/v2\/posts\/9331","targetHints":{"allow":["GET"]}}],"collection":[{"href":"https:\/\/agora.xtec.cat\/ceip-fontfreda\/wp-json\/wp\/v2\/posts"}],"about":[{"href":"https:\/\/agora.xtec.cat\/ceip-fontfreda\/wp-json\/wp\/v2\/types\/post"}],"author":[{"embeddable":true,"href":"https:\/\/agora.xtec.cat\/ceip-fontfreda\/wp-json\/wp\/v2\/users\/23"}],"replies":[{"embeddable":true,"href":"https:\/\/agora.xtec.cat\/ceip-fontfreda\/wp-json\/wp\/v2\/comments?post=9331"}],"version-history":[{"count":1,"href":"https:\/\/agora.xtec.cat\/ceip-fontfreda\/wp-json\/wp\/v2\/posts\/9331\/revisions"}],"predecessor-version":[{"id":9334,"href":"https:\/\/agora.xtec.cat\/ceip-fontfreda\/wp-json\/wp\/v2\/posts\/9331\/revisions\/9334"}],"wp:attachment":[{"href":"https:\/\/agora.xtec.cat\/ceip-fontfreda\/wp-json\/wp\/v2\/media?parent=9331"}],"wp:term":[{"taxonomy":"category","embeddable":true,"href":"https:\/\/agora.xtec.cat\/ceip-fontfreda\/wp-json\/wp\/v2\/categories?post=9331"},{"taxonomy":"post_tag","embeddable":true,"href":"https:\/\/agora.xtec.cat\/ceip-fontfreda\/wp-json\/wp\/v2\/tags?post=9331"}],"curies":[{"name":"wp","href":"https:\/\/api.w.org\/{rel}","templated":true}]}}