{"id":9232,"date":"2022-06-09T16:56:22","date_gmt":"2022-06-09T14:56:22","guid":{"rendered":"https:\/\/agora.xtec.cat\/ceip-fontfreda\/?p=9232"},"modified":"2022-09-07T09:22:57","modified_gmt":"2022-09-07T07:22:57","slug":"oferta-extraescolars-curs-22-23","status":"publish","type":"post","link":"https:\/\/agora.xtec.cat\/ceip-fontfreda\/afa\/oferta-extraescolars-curs-22-23\/","title":{"rendered":"Oferta extraescolars curs 22\/23"},"content":{"rendered":"<p>Benvolgudes fam\u00edlies,<\/p>\n<p>L&#8217;AFA es complau d&#8217;oferir pel proper curs 22-23 un canvi d&#8217;empresa d&#8217;activitats extraescolars. A partir de setembre aquesta oferta estar\u00e0 gestionada per MIR SPORTS. Com podreu apreciar, es tracta d&#8217;una empresa molt competitiva que ofereix tot mena d&#8217;activitats extraescolars adaptades a les edats dels nostres infants a uns preus molt m\u00e9s assequibles.<\/p>\n<p>Recordem que les activitats extraescolars comencen a l&#8217;octubre i que es far\u00e0 una xerrada informativa (MIR Sports i Play Code Academy) per aclarir tots els dubtes que puguem tenir! Pel que fa la nataci\u00f3, sabrem alguna cosa al mes de setembre!<\/p>\n<p>A continuaci\u00f3, us adjuntem l&#8217;horari de l&#8217;oferta pactada de MIR Sports amb els preus mensuals de cada activitat i tota la informaci\u00f3 necess\u00e0ria per poder comen\u00e7ar a fer les incripcions!<\/p>\n<p><a style=\"color: #2795b6;\" href=\"https:\/\/agora.xtec.cat\/ceip-fontfreda\/wp-content\/uploads\/usu813\/2022\/06\/Extraescolars_Curs_22-23_Escola_Font_Freda_Mir_Sports.pdf\">Extraescolars_Curs_22-23_Escola_Font_Freda_Mir_Sports<\/a><\/p>\n<p><a href=\"https:\/\/agora.xtec.cat\/ceip-fontfreda\/wp-content\/uploads\/usu813\/2022\/06\/Horari_Extraescolars_Mir_Sports.pdf\">Horari_Extraescolars_Mir_Sports<\/a><\/p>\n","protected":false},"excerpt":{"rendered":"<p>Benvolgudes fam\u00edlies,<br \/>\nL&#8217;AFA es complau d&#8217;oferir pel proper curs 22-23 un canvi d&#8217;empresa d&#8217;activitats extraescolars. A partir de setembre aquesta oferta estar\u00e0 gestionada per MIR SPORTS. Com podreu apreciar, es tracta d&#8217;una empresa molt competitiva que ofereix tot mena d&#8217;activitats extraescolars adaptades a les edats dels&hellip;  <a href=\"https:\/\/agora.xtec.cat\/ceip-fontfreda\/afa\/oferta-extraescolars-curs-22-23\/\" title=\"Read Oferta extraescolars curs 22\/23\">Llegeix m\u00e9s\u00bb<\/a><\/p>\n","protected":false},"author":23,"featured_media":0,"comment_status":"open","ping_status":"closed","sticky":false,"template":"","format":"standard","meta":{"_bbp_topic_count":0,"_bbp_reply_count":0,"_bbp_total_topic_count":0,"_bbp_total_reply_count":0,"_bbp_voice_count":0,"_bbp_anonymous_reply_count":0,"_bbp_topic_count_hidden":0,"_bbp_reply_count_hidden":0,"_bbp_forum_subforum_count":0,"footnotes":""},"categories":[7,71],"tags":[],"class_list":["post-9232","post","type-post","status-publish","format-standard","hentry","category-afa","category-informacions-afa"],"post_mailing_queue_ids":[],"_links":{"self":[{"href":"https:\/\/agora.xtec.cat\/ceip-fontfreda\/wp-json\/wp\/v2\/posts\/9232","targetHints":{"allow":["GET"]}}],"collection":[{"href":"https:\/\/agora.xtec.cat\/ceip-fontfreda\/wp-json\/wp\/v2\/posts"}],"about":[{"href":"https:\/\/agora.xtec.cat\/ceip-fontfreda\/wp-json\/wp\/v2\/types\/post"}],"author":[{"embeddable":true,"href":"https:\/\/agora.xtec.cat\/ceip-fontfreda\/wp-json\/wp\/v2\/users\/23"}],"replies":[{"embeddable":true,"href":"https:\/\/agora.xtec.cat\/ceip-fontfreda\/wp-json\/wp\/v2\/comments?post=9232"}],"version-history":[{"count":3,"href":"https:\/\/agora.xtec.cat\/ceip-fontfreda\/wp-json\/wp\/v2\/posts\/9232\/revisions"}],"predecessor-version":[{"id":9317,"href":"https:\/\/agora.xtec.cat\/ceip-fontfreda\/wp-json\/wp\/v2\/posts\/9232\/revisions\/9317"}],"wp:attachment":[{"href":"https:\/\/agora.xtec.cat\/ceip-fontfreda\/wp-json\/wp\/v2\/media?parent=9232"}],"wp:term":[{"taxonomy":"category","embeddable":true,"href":"https:\/\/agora.xtec.cat\/ceip-fontfreda\/wp-json\/wp\/v2\/categories?post=9232"},{"taxonomy":"post_tag","embeddable":true,"href":"https:\/\/agora.xtec.cat\/ceip-fontfreda\/wp-json\/wp\/v2\/tags?post=9232"}],"curies":[{"name":"wp","href":"https:\/\/api.w.org\/{rel}","templated":true}]}}