{"id":8804,"date":"2022-01-22T18:48:40","date_gmt":"2022-01-22T17:48:40","guid":{"rendered":"https:\/\/agora.xtec.cat\/ceip-fontfreda\/?p=8804"},"modified":"2022-01-22T18:49:05","modified_gmt":"2022-01-22T17:49:05","slug":"informacions-extraescolars-21-22","status":"publish","type":"post","link":"https:\/\/agora.xtec.cat\/ceip-fontfreda\/afa\/informacions-afa\/informacions-extraescolars-21-22\/","title":{"rendered":"Informacions extraescolars 21-22"},"content":{"rendered":"<p>Benvolgudes fam\u00edlies,<\/p>\n<p>En aquest espai trobareu tota la informaci\u00f3 rellevant referent a les activitats extraescolars que ofereix l&#8217;AMPA aquest curs escolar.<\/p>\n<div><\/div>\n<div>La Fundaci\u00f3 Pere Tarr\u00e9s ens ofereix una oferta molt \u00e0mplia d&#8217;activitats que desitgem que siguin del vostre inter\u00e8s!<\/div>\n<div><\/div>\n<div>Trobareu l&#8217;oferta d&#8217;activitats, els horaris, els preus mensuals i les instruccions per fer la inscripci\u00f3 dels vostres fills i filles.<\/div>\n<div><\/div>\n<div>Moltes gr\u00e0cies per la vostra confian\u00e7a!<\/div>\n<div><\/div>\n<div><a href=\"https:\/\/agora.xtec.cat\/ceip-fontfreda\/wp-content\/uploads\/usu813\/2022\/01\/Extraescolars-Curs-21-22.pdf\">Extraescolars Curs 21-22<\/a><\/div>\n<div><a href=\"https:\/\/agora.xtec.cat\/ceip-fontfreda\/wp-content\/uploads\/usu813\/2022\/01\/Instruccions-dAlta-Fundacio-Pere-Tarres-1.pdf\">Instruccions d&#8217;Alta Fundaci\u00f3 Pere Tarr\u00e9s<\/a><\/div>\n<div><a href=\"https:\/\/agora.xtec.cat\/ceip-fontfreda\/wp-content\/uploads\/usu813\/2022\/01\/POSTER-Activitats-Extraescolars-Font-Freda.pdf\">POSTER Activitats Extraescolars Font Freda<\/a><\/div>\n<div><a href=\"https:\/\/agora.xtec.cat\/ceip-fontfreda\/wp-content\/uploads\/usu813\/2022\/01\/Oferta-Fundacio-Pere-Tarres.pdf\">Oferta Fundaci\u00f3 Pere Tarr\u00e9s<\/a><\/div>\n","protected":false},"excerpt":{"rendered":"<p>Benvolgudes fam\u00edlies,<br \/>\nEn aquest espai trobareu tota la informaci\u00f3 rellevant referent a les activitats extraescolars que ofereix l&#8217;AMPA aquest curs escolar.<\/p>\n<p>La Fundaci\u00f3 Pere Tarr\u00e9s ens ofereix una oferta molt \u00e0mplia d&#8217;activitats que desitgem que siguin del vostre inter\u00e8s!<\/p>\n<p>Trobareu l&#8217;oferta d&#8217;activitats, els horaris, els preus mensuals i&hellip;  <a href=\"https:\/\/agora.xtec.cat\/ceip-fontfreda\/afa\/informacions-afa\/informacions-extraescolars-21-22\/\" title=\"Read Informacions extraescolars 21-22\">Llegeix m\u00e9s\u00bb<\/a><\/p>\n","protected":false},"author":23,"featured_media":0,"comment_status":"open","ping_status":"closed","sticky":false,"template":"","format":"standard","meta":{"_bbp_topic_count":0,"_bbp_reply_count":0,"_bbp_total_topic_count":0,"_bbp_total_reply_count":0,"_bbp_voice_count":0,"_bbp_anonymous_reply_count":0,"_bbp_topic_count_hidden":0,"_bbp_reply_count_hidden":0,"_bbp_forum_subforum_count":0,"footnotes":""},"categories":[72,71],"tags":[],"class_list":["post-8804","post","type-post","status-publish","format-standard","hentry","category-extraescolars-25-26","category-informacions-afa"],"post_mailing_queue_ids":[],"_links":{"self":[{"href":"https:\/\/agora.xtec.cat\/ceip-fontfreda\/wp-json\/wp\/v2\/posts\/8804","targetHints":{"allow":["GET"]}}],"collection":[{"href":"https:\/\/agora.xtec.cat\/ceip-fontfreda\/wp-json\/wp\/v2\/posts"}],"about":[{"href":"https:\/\/agora.xtec.cat\/ceip-fontfreda\/wp-json\/wp\/v2\/types\/post"}],"author":[{"embeddable":true,"href":"https:\/\/agora.xtec.cat\/ceip-fontfreda\/wp-json\/wp\/v2\/users\/23"}],"replies":[{"embeddable":true,"href":"https:\/\/agora.xtec.cat\/ceip-fontfreda\/wp-json\/wp\/v2\/comments?post=8804"}],"version-history":[{"count":1,"href":"https:\/\/agora.xtec.cat\/ceip-fontfreda\/wp-json\/wp\/v2\/posts\/8804\/revisions"}],"predecessor-version":[{"id":8810,"href":"https:\/\/agora.xtec.cat\/ceip-fontfreda\/wp-json\/wp\/v2\/posts\/8804\/revisions\/8810"}],"wp:attachment":[{"href":"https:\/\/agora.xtec.cat\/ceip-fontfreda\/wp-json\/wp\/v2\/media?parent=8804"}],"wp:term":[{"taxonomy":"category","embeddable":true,"href":"https:\/\/agora.xtec.cat\/ceip-fontfreda\/wp-json\/wp\/v2\/categories?post=8804"},{"taxonomy":"post_tag","embeddable":true,"href":"https:\/\/agora.xtec.cat\/ceip-fontfreda\/wp-json\/wp\/v2\/tags?post=8804"}],"curies":[{"name":"wp","href":"https:\/\/api.w.org\/{rel}","templated":true}]}}