{"id":8634,"date":"2021-11-25T09:37:42","date_gmt":"2021-11-25T08:37:42","guid":{"rendered":"https:\/\/agora.xtec.cat\/ceip-fontfreda\/?p=8634"},"modified":"2021-12-02T09:56:00","modified_gmt":"2021-12-02T08:56:00","slug":"2nb-imaginacio-al-poder-escriptura-lliure-sobre-el-ratolinet-perez","status":"publish","type":"post","link":"https:\/\/agora.xtec.cat\/ceip-fontfreda\/primaria\/2n\/2nb-imaginacio-al-poder-escriptura-lliure-sobre-el-ratolinet-perez\/","title":{"rendered":"2nB: Imaginaci\u00f3 al poder! Escriptura lliure sobre el Ratolinet P\u00e9rez."},"content":{"rendered":"<p>Voleu quedar-vos de pedra? Mireu quines redaccions han sigut capa\u00e7os de fer els alumnes de 2nB&#8230; Despr\u00e9s dels resultats d&#8217;aquesta primera redacci\u00f3 hem quedat tan satisfetes i satistets que ben segur que repetirem!<\/p>\n<p>Si voleu veure les hist\u00f2ries que han escrits els petits escriptors i escriptores de la classe dels cactus, feu clic <a href=\"https:\/\/drive.google.com\/drive\/folders\/1-whoernT9GAM1M6DftZWLg8Q-4d6EN07?usp=sharing\" target=\"_blank\" rel=\"noopener\">AQU\u00cd!<\/a><\/p>\n","protected":false},"excerpt":{"rendered":"<p>Voleu quedar-vos de pedra? Mireu quines redaccions han sigut capa\u00e7os de fer els alumnes de 2nB&#8230; Despr\u00e9s dels resultats d&#8217;aquesta primera redacci\u00f3 hem quedat tan satisfetes i satistets que ben segur que repetirem!<br \/>\nSi voleu veure les hist\u00f2ries que han escrits els petits escriptors i escriptores&hellip;  <a href=\"https:\/\/agora.xtec.cat\/ceip-fontfreda\/primaria\/2n\/2nb-imaginacio-al-poder-escriptura-lliure-sobre-el-ratolinet-perez\/\" title=\"Read 2nB: Imaginaci\u00f3 al poder! Escriptura lliure sobre el Ratolinet P\u00e9rez.\">Llegeix m\u00e9s\u00bb<\/a><\/p>\n","protected":false},"author":1,"featured_media":0,"comment_status":"open","ping_status":"closed","sticky":false,"template":"","format":"standard","meta":{"_bbp_topic_count":0,"_bbp_reply_count":0,"_bbp_total_topic_count":0,"_bbp_total_reply_count":0,"_bbp_voice_count":0,"_bbp_anonymous_reply_count":0,"_bbp_topic_count_hidden":0,"_bbp_reply_count_hidden":0,"_bbp_forum_subforum_count":0,"footnotes":""},"categories":[11],"tags":[],"class_list":["post-8634","post","type-post","status-publish","format-standard","hentry","category-2n"],"post_mailing_queue_ids":[],"_links":{"self":[{"href":"https:\/\/agora.xtec.cat\/ceip-fontfreda\/wp-json\/wp\/v2\/posts\/8634","targetHints":{"allow":["GET"]}}],"collection":[{"href":"https:\/\/agora.xtec.cat\/ceip-fontfreda\/wp-json\/wp\/v2\/posts"}],"about":[{"href":"https:\/\/agora.xtec.cat\/ceip-fontfreda\/wp-json\/wp\/v2\/types\/post"}],"author":[{"embeddable":true,"href":"https:\/\/agora.xtec.cat\/ceip-fontfreda\/wp-json\/wp\/v2\/users\/1"}],"replies":[{"embeddable":true,"href":"https:\/\/agora.xtec.cat\/ceip-fontfreda\/wp-json\/wp\/v2\/comments?post=8634"}],"version-history":[{"count":1,"href":"https:\/\/agora.xtec.cat\/ceip-fontfreda\/wp-json\/wp\/v2\/posts\/8634\/revisions"}],"predecessor-version":[{"id":8636,"href":"https:\/\/agora.xtec.cat\/ceip-fontfreda\/wp-json\/wp\/v2\/posts\/8634\/revisions\/8636"}],"wp:attachment":[{"href":"https:\/\/agora.xtec.cat\/ceip-fontfreda\/wp-json\/wp\/v2\/media?parent=8634"}],"wp:term":[{"taxonomy":"category","embeddable":true,"href":"https:\/\/agora.xtec.cat\/ceip-fontfreda\/wp-json\/wp\/v2\/categories?post=8634"},{"taxonomy":"post_tag","embeddable":true,"href":"https:\/\/agora.xtec.cat\/ceip-fontfreda\/wp-json\/wp\/v2\/tags?post=8634"}],"curies":[{"name":"wp","href":"https:\/\/api.w.org\/{rel}","templated":true}]}}