{"id":8335,"date":"2021-10-06T23:43:47","date_gmt":"2021-10-06T21:43:47","guid":{"rendered":"https:\/\/agora.xtec.cat\/ceip-fontfreda\/?p=8335"},"modified":"2021-10-13T19:17:53","modified_gmt":"2021-10-13T17:17:53","slug":"presentacio-inici-de-curs-4rt","status":"publish","type":"post","link":"https:\/\/agora.xtec.cat\/ceip-fontfreda\/primaria\/4t\/presentacio-inici-de-curs-4rt\/","title":{"rendered":"PRESENTACI\u00d3 INICI DE CURS 4RT"},"content":{"rendered":"<p>Hola fam\u00edlies!<\/p>\n<p>Aqu\u00ed us deixem la presentaci\u00f3 que hem visualitzat avui a la reuni\u00f3 telem\u00e0tica. Qualsevol aclariment, restem a la vostra disposici\u00f3!<\/p>\n<p>Les tutores de 4rt.<\/p>\n<p>Cliqueu damunt la imatge:<\/p>\n<p><a href=\"https:\/\/docs.google.com\/presentation\/d\/1bumd4NtlMkkzr8defPZspWUIDuFoowuz\/edit?usp=sharing&amp;ouid=115371923858744179347&amp;rtpof=true&amp;sd=true\"><img loading=\"lazy\" decoding=\"async\" class=\"alignnone wp-image-212\" src=\"https:\/\/agora.xtec.cat\/ceip-fontfreda\/wp-content\/uploads\/usu813\/2016\/08\/Escola-Font-Freda.png\" alt=\"\" width=\"336\" height=\"226\" srcset=\"https:\/\/agora.xtec.cat\/ceip-fontfreda\/wp-content\/uploads\/usu813\/2016\/08\/Escola-Font-Freda.png 407w, https:\/\/agora.xtec.cat\/ceip-fontfreda\/wp-content\/uploads\/usu813\/2016\/08\/Escola-Font-Freda-300x202.png 300w\" sizes=\"auto, (max-width: 336px) 100vw, 336px\" \/><\/a><\/p>\n","protected":false},"excerpt":{"rendered":"<p>Hola fam\u00edlies!<br \/>\nAqu\u00ed us deixem la presentaci\u00f3 que hem visualitzat avui a la reuni\u00f3 telem\u00e0tica. Qualsevol aclariment, restem a la vostra disposici\u00f3!<br \/>\nLes tutores de 4rt.<br \/>\nCliqueu damunt la imatge:<br \/>\n<a href=\"https:\/\/docs.google.com\/presentation\/d\/1bumd4NtlMkkzr8defPZspWUIDuFoowuz\/edit?usp=sharing&amp;ouid=115371923858744179347&amp;rtpof=true&amp;sd=true\"><\/a><\/p>\n","protected":false},"author":33,"featured_media":0,"comment_status":"closed","ping_status":"closed","sticky":false,"template":"","format":"standard","meta":{"_bbp_topic_count":0,"_bbp_reply_count":0,"_bbp_total_topic_count":0,"_bbp_total_reply_count":0,"_bbp_voice_count":0,"_bbp_anonymous_reply_count":0,"_bbp_topic_count_hidden":0,"_bbp_reply_count_hidden":0,"_bbp_forum_subforum_count":0,"footnotes":""},"categories":[13],"tags":[],"class_list":["post-8335","post","type-post","status-publish","format-standard","hentry","category-4t"],"post_mailing_queue_ids":[],"_links":{"self":[{"href":"https:\/\/agora.xtec.cat\/ceip-fontfreda\/wp-json\/wp\/v2\/posts\/8335","targetHints":{"allow":["GET"]}}],"collection":[{"href":"https:\/\/agora.xtec.cat\/ceip-fontfreda\/wp-json\/wp\/v2\/posts"}],"about":[{"href":"https:\/\/agora.xtec.cat\/ceip-fontfreda\/wp-json\/wp\/v2\/types\/post"}],"author":[{"embeddable":true,"href":"https:\/\/agora.xtec.cat\/ceip-fontfreda\/wp-json\/wp\/v2\/users\/33"}],"replies":[{"embeddable":true,"href":"https:\/\/agora.xtec.cat\/ceip-fontfreda\/wp-json\/wp\/v2\/comments?post=8335"}],"version-history":[{"count":2,"href":"https:\/\/agora.xtec.cat\/ceip-fontfreda\/wp-json\/wp\/v2\/posts\/8335\/revisions"}],"predecessor-version":[{"id":8337,"href":"https:\/\/agora.xtec.cat\/ceip-fontfreda\/wp-json\/wp\/v2\/posts\/8335\/revisions\/8337"}],"wp:attachment":[{"href":"https:\/\/agora.xtec.cat\/ceip-fontfreda\/wp-json\/wp\/v2\/media?parent=8335"}],"wp:term":[{"taxonomy":"category","embeddable":true,"href":"https:\/\/agora.xtec.cat\/ceip-fontfreda\/wp-json\/wp\/v2\/categories?post=8335"},{"taxonomy":"post_tag","embeddable":true,"href":"https:\/\/agora.xtec.cat\/ceip-fontfreda\/wp-json\/wp\/v2\/tags?post=8335"}],"curies":[{"name":"wp","href":"https:\/\/api.w.org\/{rel}","templated":true}]}}