{"id":7405,"date":"2021-02-04T00:17:43","date_gmt":"2021-02-03T23:17:43","guid":{"rendered":"http:\/\/agora.xtec.cat\/ceip-fontfreda\/?p=7405"},"modified":"2021-02-04T00:17:43","modified_gmt":"2021-02-03T23:17:43","slug":"jclic-comencem","status":"publish","type":"post","link":"https:\/\/agora.xtec.cat\/ceip-fontfreda\/aula-acollida-aula-acollida\/jclic-comencem\/","title":{"rendered":"Jclic Comencem"},"content":{"rendered":"<p>En aquesta p\u00e0gina web trobareu els dossiers del\u00a0<span class=\"hiddenGrammarError\" style=\"padding-bottom: 2px;background-image: url('..\/..\/..\/..\/..\/images\/squiggle.png');cursor: default;color: #666666;font-family: 'Open Sans', Helvetica, Arial, sans-serif;font-size: 16px;font-style: normal;font-weight: 300;letter-spacing: normal;text-align: start;text-indent: 0px;text-transform: none\">comencem<\/span>. Us ajudar\u00e0 a repassar el vocabulari, verbs, adjectius&#8230; que heu anat treballant. A m\u00e9s a m\u00e9s, tamb\u00e9 t\u00e9 una part d&#8217;\u00e0udio que far\u00e0 que milloreu la comprensi\u00f3 oral i la pronunciaci\u00f3.<\/p>\n<p><a href=\"https:\/\/clic.xtec.cat\/users\/jhierro\/aa\/index.html\">https:\/\/clic.xtec.cat\/users\/jhierro\/aa\/index.html<\/a><\/p>\n","protected":false},"excerpt":{"rendered":"<p>En aquesta p\u00e0gina web trobareu els dossiers del\u00a0comencem. Us ajudar\u00e0 a repassar el vocabulari, verbs, adjectius&#8230; que heu anat treballant. A m\u00e9s a m\u00e9s, tamb\u00e9 t\u00e9 una part d&#8217;\u00e0udio que far\u00e0 que milloreu la comprensi\u00f3 oral i la pronunciaci\u00f3.<br \/>\n<a href=\"https:\/\/clic.xtec.cat\/users\/jhierro\/aa\/index.html\">https:\/\/clic.xtec.cat\/users\/jhierro\/aa\/index.html<\/a><\/p>\n","protected":false},"author":26,"featured_media":0,"comment_status":"open","ping_status":"closed","sticky":false,"template":"","format":"standard","meta":{"_bbp_topic_count":0,"_bbp_reply_count":0,"_bbp_total_topic_count":0,"_bbp_total_reply_count":0,"_bbp_voice_count":0,"_bbp_anonymous_reply_count":0,"_bbp_topic_count_hidden":0,"_bbp_reply_count_hidden":0,"_bbp_forum_subforum_count":0,"footnotes":""},"categories":[68,69],"tags":[],"class_list":["post-7405","post","type-post","status-publish","format-standard","hentry","category-aula-acollida-aula-acollida","category-aula-acollida"],"post_mailing_queue_ids":[],"_links":{"self":[{"href":"https:\/\/agora.xtec.cat\/ceip-fontfreda\/wp-json\/wp\/v2\/posts\/7405","targetHints":{"allow":["GET"]}}],"collection":[{"href":"https:\/\/agora.xtec.cat\/ceip-fontfreda\/wp-json\/wp\/v2\/posts"}],"about":[{"href":"https:\/\/agora.xtec.cat\/ceip-fontfreda\/wp-json\/wp\/v2\/types\/post"}],"author":[{"embeddable":true,"href":"https:\/\/agora.xtec.cat\/ceip-fontfreda\/wp-json\/wp\/v2\/users\/26"}],"replies":[{"embeddable":true,"href":"https:\/\/agora.xtec.cat\/ceip-fontfreda\/wp-json\/wp\/v2\/comments?post=7405"}],"version-history":[{"count":1,"href":"https:\/\/agora.xtec.cat\/ceip-fontfreda\/wp-json\/wp\/v2\/posts\/7405\/revisions"}],"predecessor-version":[{"id":7406,"href":"https:\/\/agora.xtec.cat\/ceip-fontfreda\/wp-json\/wp\/v2\/posts\/7405\/revisions\/7406"}],"wp:attachment":[{"href":"https:\/\/agora.xtec.cat\/ceip-fontfreda\/wp-json\/wp\/v2\/media?parent=7405"}],"wp:term":[{"taxonomy":"category","embeddable":true,"href":"https:\/\/agora.xtec.cat\/ceip-fontfreda\/wp-json\/wp\/v2\/categories?post=7405"},{"taxonomy":"post_tag","embeddable":true,"href":"https:\/\/agora.xtec.cat\/ceip-fontfreda\/wp-json\/wp\/v2\/tags?post=7405"}],"curies":[{"name":"wp","href":"https:\/\/api.w.org\/{rel}","templated":true}]}}