{"id":6498,"date":"2020-09-21T16:05:43","date_gmt":"2020-09-21T14:05:43","guid":{"rendered":"http:\/\/agora.xtec.cat\/ceip-fontfreda\/?p=6498"},"modified":"2020-09-21T16:05:43","modified_gmt":"2020-09-21T14:05:43","slug":"protocol-extraescolars-curs-20-21","status":"publish","type":"post","link":"https:\/\/agora.xtec.cat\/ceip-fontfreda\/extraescolars-25-26\/protocol-extraescolars-curs-20-21\/","title":{"rendered":"Protocol Extraescolars curs 20-21"},"content":{"rendered":"<p>Benvolgudes fam\u00edlies,<\/p>\n<p>&nbsp;<\/p>\n<p>us adjuntem el Protocol per Covid-19 d&#8217;extraescolars. Aquest document pot patir al llarg de les setmanes modificacions en funci\u00f3 de l&#8217;evoluci\u00f3 de l&#8217;estat epidemiol\u00f2gic que hi hagi.<\/p>\n<p><a href=\"https:\/\/agora.xtec.cat\/ceip-fontfreda\/wp-content\/uploads\/usu813\/2020\/09\/PROTOCOL-COVID.pdf\">PROTOCOL COVID<\/a><\/p>\n<p>Atentament.<\/p>\n<p>L&#8217;AMPA<\/p>\n","protected":false},"excerpt":{"rendered":"<p>Benvolgudes fam\u00edlies,<br \/>\n&nbsp;<br \/>\nus adjuntem el Protocol per Covid-19 d&#8217;extraescolars. Aquest document pot patir al llarg de les setmanes modificacions en funci\u00f3 de l&#8217;evoluci\u00f3 de l&#8217;estat epidemiol\u00f2gic que hi hagi.<br \/>\n<a href=\"https:\/\/agora.xtec.cat\/ceip-fontfreda\/wp-content\/uploads\/usu813\/2020\/09\/PROTOCOL-COVID.pdf\">PROTOCOL COVID<\/a><br \/>\nAtentament.<br \/>\nL&#8217;AMPA<\/p>\n","protected":false},"author":23,"featured_media":0,"comment_status":"open","ping_status":"closed","sticky":false,"template":"","format":"standard","meta":{"_bbp_topic_count":0,"_bbp_reply_count":0,"_bbp_total_topic_count":0,"_bbp_total_reply_count":0,"_bbp_voice_count":0,"_bbp_anonymous_reply_count":0,"_bbp_topic_count_hidden":0,"_bbp_reply_count_hidden":0,"_bbp_forum_subforum_count":0,"footnotes":""},"categories":[72],"tags":[],"class_list":["post-6498","post","type-post","status-publish","format-standard","hentry","category-extraescolars-25-26"],"post_mailing_queue_ids":[],"_links":{"self":[{"href":"https:\/\/agora.xtec.cat\/ceip-fontfreda\/wp-json\/wp\/v2\/posts\/6498","targetHints":{"allow":["GET"]}}],"collection":[{"href":"https:\/\/agora.xtec.cat\/ceip-fontfreda\/wp-json\/wp\/v2\/posts"}],"about":[{"href":"https:\/\/agora.xtec.cat\/ceip-fontfreda\/wp-json\/wp\/v2\/types\/post"}],"author":[{"embeddable":true,"href":"https:\/\/agora.xtec.cat\/ceip-fontfreda\/wp-json\/wp\/v2\/users\/23"}],"replies":[{"embeddable":true,"href":"https:\/\/agora.xtec.cat\/ceip-fontfreda\/wp-json\/wp\/v2\/comments?post=6498"}],"version-history":[{"count":1,"href":"https:\/\/agora.xtec.cat\/ceip-fontfreda\/wp-json\/wp\/v2\/posts\/6498\/revisions"}],"predecessor-version":[{"id":6500,"href":"https:\/\/agora.xtec.cat\/ceip-fontfreda\/wp-json\/wp\/v2\/posts\/6498\/revisions\/6500"}],"wp:attachment":[{"href":"https:\/\/agora.xtec.cat\/ceip-fontfreda\/wp-json\/wp\/v2\/media?parent=6498"}],"wp:term":[{"taxonomy":"category","embeddable":true,"href":"https:\/\/agora.xtec.cat\/ceip-fontfreda\/wp-json\/wp\/v2\/categories?post=6498"},{"taxonomy":"post_tag","embeddable":true,"href":"https:\/\/agora.xtec.cat\/ceip-fontfreda\/wp-json\/wp\/v2\/tags?post=6498"}],"curies":[{"name":"wp","href":"https:\/\/api.w.org\/{rel}","templated":true}]}}