{"id":6476,"date":"2020-09-09T20:25:46","date_gmt":"2020-09-09T18:25:46","guid":{"rendered":"http:\/\/agora.xtec.cat\/ceip-fontfreda\/?p=6476"},"modified":"2020-10-22T17:43:18","modified_gmt":"2020-10-22T15:43:18","slug":"pla-dactuacio-del-migdia","status":"publish","type":"post","link":"https:\/\/agora.xtec.cat\/ceip-fontfreda\/portada\/pla-dactuacio-del-migdia\/","title":{"rendered":"Pla d&#8217;actuaci\u00f3 del migdia"},"content":{"rendered":"<p>Benvolgudes fam\u00edlies<\/p>\n<p>Us deixem aqu\u00ed el pla d&#8217;actuaci\u00f3 que es dur\u00e0 a terme durant aquest curs.<\/p>\n<p><a href=\"https:\/\/agora.xtec.cat\/ceip-fontfreda\/wp-content\/uploads\/usu813\/2020\/09\/PLA-DACTUACI\u00d3-ESPAI-DEL-MIGDIA-CURS-2020-2021docx.pdf\">PLA D&#8217;ACTUACI\u00d3 ESPAI DEL MIGDIA CURS 2020-2021docx<\/a><\/p>\n","protected":false},"excerpt":{"rendered":"<p>Benvolgudes fam\u00edlies<br \/>\nUs deixem aqu\u00ed el pla d&#8217;actuaci\u00f3 que es dur\u00e0 a terme durant aquest curs.<br \/>\n<a href=\"https:\/\/agora.xtec.cat\/ceip-fontfreda\/wp-content\/uploads\/usu813\/2020\/09\/PLA-DACTUACI\u00d3-ESPAI-DEL-MIGDIA-CURS-2020-2021docx.pdf\">PLA D&#8217;ACTUACI\u00d3 ESPAI DEL MIGDIA CURS 2020-2021docx<\/a><\/p>\n","protected":false},"author":23,"featured_media":0,"comment_status":"open","ping_status":"closed","sticky":false,"template":"","format":"standard","meta":{"_bbp_topic_count":0,"_bbp_reply_count":0,"_bbp_total_topic_count":0,"_bbp_total_reply_count":0,"_bbp_voice_count":0,"_bbp_anonymous_reply_count":0,"_bbp_topic_count_hidden":0,"_bbp_reply_count_hidden":0,"_bbp_forum_subforum_count":0,"footnotes":""},"categories":[71,4],"tags":[],"class_list":["post-6476","post","type-post","status-publish","format-standard","hentry","category-informacions-afa","category-portada"],"post_mailing_queue_ids":[],"_links":{"self":[{"href":"https:\/\/agora.xtec.cat\/ceip-fontfreda\/wp-json\/wp\/v2\/posts\/6476","targetHints":{"allow":["GET"]}}],"collection":[{"href":"https:\/\/agora.xtec.cat\/ceip-fontfreda\/wp-json\/wp\/v2\/posts"}],"about":[{"href":"https:\/\/agora.xtec.cat\/ceip-fontfreda\/wp-json\/wp\/v2\/types\/post"}],"author":[{"embeddable":true,"href":"https:\/\/agora.xtec.cat\/ceip-fontfreda\/wp-json\/wp\/v2\/users\/23"}],"replies":[{"embeddable":true,"href":"https:\/\/agora.xtec.cat\/ceip-fontfreda\/wp-json\/wp\/v2\/comments?post=6476"}],"version-history":[{"count":1,"href":"https:\/\/agora.xtec.cat\/ceip-fontfreda\/wp-json\/wp\/v2\/posts\/6476\/revisions"}],"predecessor-version":[{"id":6478,"href":"https:\/\/agora.xtec.cat\/ceip-fontfreda\/wp-json\/wp\/v2\/posts\/6476\/revisions\/6478"}],"wp:attachment":[{"href":"https:\/\/agora.xtec.cat\/ceip-fontfreda\/wp-json\/wp\/v2\/media?parent=6476"}],"wp:term":[{"taxonomy":"category","embeddable":true,"href":"https:\/\/agora.xtec.cat\/ceip-fontfreda\/wp-json\/wp\/v2\/categories?post=6476"},{"taxonomy":"post_tag","embeddable":true,"href":"https:\/\/agora.xtec.cat\/ceip-fontfreda\/wp-json\/wp\/v2\/tags?post=6476"}],"curies":[{"name":"wp","href":"https:\/\/api.w.org\/{rel}","templated":true}]}}