{"id":6470,"date":"2020-09-02T00:14:51","date_gmt":"2020-09-01T22:14:51","guid":{"rendered":"http:\/\/agora.xtec.cat\/ceip-fontfreda\/?p=6470"},"modified":"2020-10-22T17:54:12","modified_gmt":"2020-10-22T15:54:12","slug":"inscripcions-servei-de-menjador","status":"publish","type":"post","link":"https:\/\/agora.xtec.cat\/ceip-fontfreda\/portada\/inscripcions-servei-de-menjador\/","title":{"rendered":"Inscripcions servei de menjador"},"content":{"rendered":"<p style=\"font-weight: 400;\">Benvolgudes fam\u00edlies,<\/p>\n<p>el servei de menjador comen\u00e7ar\u00e0 aquest pr\u00f2xim dilluns dia 14 de setembre.<br \/>\nUs informem que ja estan obertes les inscripcions al servei de Menjador per aquest curs 2020\/21.<\/p>\n<p>Des de Tots a taula, entitat que gestionar\u00e0 aquest servei, han creat i dissenyat un formulari que us permetr\u00e0 inscriure als vostres infants\u00a0 utilitzant l\u2019enlla\u00e7 que trobareu a sota i aix\u00ed evitar el malbaratament de paper, agilitzar el proc\u00e9s i evitar entrar a l\u2019escola afavorint la protecci\u00f3 de la mateixa:<\/p>\n<p><a href=\"https:\/\/docs.google.com\/forms\/d\/e\/1FAIpQLSf4RLeRnOMyq-qX_Qo157qcFluL0yhBWHy_GLJSa9DOT5KR5g\/formResponse\" data-saferedirecturl=\"https:\/\/www.google.com\/url?q=https:\/\/docs.google.com\/forms\/d\/e\/1FAIpQLSf4RLeRnOMyq-qX_Qo157qcFluL0yhBWHy_GLJSa9DOT5KR5g\/formResponse&amp;source=gmail&amp;ust=1599069497979000&amp;usg=AFQjCNFQeNwzLjrV4m7YqtDI7njy_rdtSw\">https:\/\/docs.google.com\/forms\/d\/e\/1FAIpQLSf4RLeRnOMyq-qX_Qo157qcFluL0yhBWHy_GLJSa9DOT5KR5g\/formResponse<\/a><\/p>\n<p style=\"font-weight: 400;\">Heu de copiar i enganxar l\u2019enlla\u00e7 al cercador d\u2019Internet per comen\u00e7ar.<\/p>\n<p>Moltes gr\u00e0cies i disculpeu les mol\u00e8sties.<\/p>\n<p>Salutacions.<\/p>\n","protected":false},"excerpt":{"rendered":"<p>Benvolgudes fam\u00edlies,<br \/>\nel servei de menjador comen\u00e7ar\u00e0 aquest pr\u00f2xim dilluns dia 14 de setembre.<br \/>\nUs informem que ja estan obertes les inscripcions al servei de Menjador per aquest curs 2020\/21.<br \/>\nDes de Tots a taula, entitat que gestionar\u00e0 aquest servei, han creat i dissenyat un formulari que us&hellip;  <a href=\"https:\/\/agora.xtec.cat\/ceip-fontfreda\/portada\/inscripcions-servei-de-menjador\/\" title=\"Read Inscripcions servei de menjador\">Llegeix m\u00e9s\u00bb<\/a><\/p>\n","protected":false},"author":23,"featured_media":0,"comment_status":"open","ping_status":"closed","sticky":false,"template":"","format":"standard","meta":{"_bbp_topic_count":0,"_bbp_reply_count":0,"_bbp_total_topic_count":0,"_bbp_total_reply_count":0,"_bbp_voice_count":0,"_bbp_anonymous_reply_count":0,"_bbp_topic_count_hidden":0,"_bbp_reply_count_hidden":0,"_bbp_forum_subforum_count":0,"footnotes":""},"categories":[71,4],"tags":[],"class_list":["post-6470","post","type-post","status-publish","format-standard","hentry","category-informacions-afa","category-portada"],"post_mailing_queue_ids":[],"_links":{"self":[{"href":"https:\/\/agora.xtec.cat\/ceip-fontfreda\/wp-json\/wp\/v2\/posts\/6470","targetHints":{"allow":["GET"]}}],"collection":[{"href":"https:\/\/agora.xtec.cat\/ceip-fontfreda\/wp-json\/wp\/v2\/posts"}],"about":[{"href":"https:\/\/agora.xtec.cat\/ceip-fontfreda\/wp-json\/wp\/v2\/types\/post"}],"author":[{"embeddable":true,"href":"https:\/\/agora.xtec.cat\/ceip-fontfreda\/wp-json\/wp\/v2\/users\/23"}],"replies":[{"embeddable":true,"href":"https:\/\/agora.xtec.cat\/ceip-fontfreda\/wp-json\/wp\/v2\/comments?post=6470"}],"version-history":[{"count":2,"href":"https:\/\/agora.xtec.cat\/ceip-fontfreda\/wp-json\/wp\/v2\/posts\/6470\/revisions"}],"predecessor-version":[{"id":6641,"href":"https:\/\/agora.xtec.cat\/ceip-fontfreda\/wp-json\/wp\/v2\/posts\/6470\/revisions\/6641"}],"wp:attachment":[{"href":"https:\/\/agora.xtec.cat\/ceip-fontfreda\/wp-json\/wp\/v2\/media?parent=6470"}],"wp:term":[{"taxonomy":"category","embeddable":true,"href":"https:\/\/agora.xtec.cat\/ceip-fontfreda\/wp-json\/wp\/v2\/categories?post=6470"},{"taxonomy":"post_tag","embeddable":true,"href":"https:\/\/agora.xtec.cat\/ceip-fontfreda\/wp-json\/wp\/v2\/tags?post=6470"}],"curies":[{"name":"wp","href":"https:\/\/api.w.org\/{rel}","templated":true}]}}