{"id":6420,"date":"2020-07-08T11:56:52","date_gmt":"2020-07-08T09:56:52","guid":{"rendered":"http:\/\/agora.xtec.cat\/ceip-fontfreda\/?p=6420"},"modified":"2020-10-22T17:52:46","modified_gmt":"2020-10-22T15:52:46","slug":"matricula-curs-20-21","status":"publish","type":"post","link":"https:\/\/agora.xtec.cat\/ceip-fontfreda\/general\/matricula-curs-20-21\/","title":{"rendered":"Matr\u00edcula curs 20-21"},"content":{"rendered":"<p>A continuaci\u00f3 us adjuntem diferents enlla\u00e7os informatius per a la inscripci\u00f3 a l\u2019Escola Font Freda.<\/p>\n<ol>\n<li><a href=\"https:\/\/drive.google.com\/file\/d\/1p93LPMyPAuI5zguzUIznDf9Ksdd_iF6P\/view?usp=sharing\">LLISTA PREINSCRITS<\/a><\/li>\n<li><a href=\"https:\/\/drive.google.com\/file\/d\/1yRyuFfq4DhFOsVrJVjmzLo2staa4xdmO\/view?usp=sharing\">LLISTA ALUMNES ASSIGNATS AL CENTRE<\/a><\/li>\n<li><a href=\"https:\/\/drive.google.com\/file\/d\/1maFfxsx718hl_oAe1s6-zc1RxWCAY45R\/view?usp=sharing\">LLISTA D&#8217;ESPERA<\/a><\/li>\n<\/ol>\n<h3><a href=\"https:\/\/drive.google.com\/file\/d\/1oevWRLk83dfzFZQEqnILfI-H7bJgEpOm\/view?usp=sharing\">Tour virtual de l&#8217;escola\u00a0<\/a><\/h3>\n<p><strong>Per poder fer la matriculaci\u00f3 podeu venir de manera presencial del 13 de juliol al 17 de juliol inclosos, de 09:00h a 14:00h.\u00a0<\/strong><\/p>\n<ul>\n<li>Heu de portar els seg\u00fcents documents impresos i omplerts el dia que vingueu a fer la matriculaci\u00f3 de P3.<\/li>\n<li>Les fam\u00edlies que tenen germans al centre tamb\u00e9 heu de fer la matr\u00edcula.<\/li>\n<\/ul>\n<ol>\n<li><a href=\"https:\/\/drive.google.com\/file\/d\/1OUmX71ngXI_rR0sDKCVBPC0ATj6n56Xl\/view?usp=sharing\">REUNI\u00d3 FAM\u00cdLIES 20-21<\/a>\u00a0(informatiu)<\/li>\n<li><a href=\"https:\/\/drive.google.com\/file\/d\/1UfI8XEmuNy4jlOEhuNCLZd8uGe2eO4nl\/view?usp=sharing\">DADES PERSONALS DEL NOU ALUMNAT<\/a><\/li>\n<li><a href=\"https:\/\/drive.google.com\/file\/d\/1Gvb6ypPOznIl2M2Lc5_PlqvVaFPpbxXR\/view?usp=sharing\">Q\u00dcESTIONARI INFANTIL<\/a><\/li>\n<li><a href=\"https:\/\/drive.google.com\/file\/d\/17MtaouFBr7O4UtLY-b0pvlQxtYPkGkwV\/view?usp=sharing\">CARTA DE COMPROM\u00cdS EDUCATIU<\/a><\/li>\n<li><a href=\"https:\/\/drive.google.com\/file\/d\/1lf8G40aexwm_pzM4wxpHkf77OuEC3M5s\/view?usp=sharing\">AUTORITZACI\u00d3 DRETS D&#8217;IMATGE<\/a><\/li>\n<li><a href=\"https:\/\/drive.google.com\/file\/d\/1yrYKZv3JozxFScA1_fPHwmUCXyvZ_boi\/view?usp=sharing\">AUTORITZACI\u00d3 DE RECOLLIDA DEL CENTRE<\/a><\/li>\n<li><a href=\"https:\/\/drive.google.com\/file\/d\/1phpmhesVTqu3cr9aqXkdEfF42UmtvgZo\/view?usp=sharing\">AUTORITZACI\u00d3 ADMINISTRACI\u00d3 DE PARACETAMOL<\/a><\/li>\n<li><a href=\"https:\/\/drive.google.com\/file\/d\/1wwImbm87y_Y4YXuwhqbuu1Klrbea0FXl\/view?usp=sharing\">PAGAMENT QUOTES NOVES FAM\u00cdLIES<\/a> (informatiu)<\/li>\n<\/ol>\n<ul>\n<li>Per fer la matriculaci\u00f3 a prim\u00e0ria heu de portar els seg\u00fcents documents impresos i omplerts.<\/li>\n<\/ul>\n<ol>\n<li><a href=\"https:\/\/drive.google.com\/file\/d\/1qFnAXlQkVxFoR_N3fJXri8E6Cn5ULPMP\/view?usp=sharing\">DADES PERSONALS DEL NOU ALUMNAT<\/a><\/li>\n<li><a href=\"https:\/\/drive.google.com\/file\/d\/1Q-1oN4wmaGdLJlFOXTsI0LdZF6irFxXC\/view?usp=sharing\">CARTA DE COMPROM\u00cdS EDUCATIU<\/a><\/li>\n<li><a href=\"https:\/\/drive.google.com\/file\/d\/15gCZ5CL3xVImi8_nlX6N4ZVjFhYmTQei\/view?usp=sharing\">AUTORITZACI\u00d3 DRETS D&#8217;IMATGE<\/a><\/li>\n<li><a href=\"https:\/\/drive.google.com\/file\/d\/1y7ljZho3vY7QIj3DxCIS3S3V-jPm84BB\/view?usp=sharing\">AUTORITZACI\u00d3 DE RECOLLIDA DEL DEL CENTRE<\/a><\/li>\n<li><a href=\"https:\/\/drive.google.com\/file\/d\/1pRhUKqx4K5eaIw84B4PHlsp2p6h5qEvN\/view?usp=sharing\">AUTORITZACI\u00d3 ADMINISTRACI\u00d3 DE PARACETAMOL<\/a><\/li>\n<li><a href=\"https:\/\/drive.google.com\/file\/d\/1_OuURYHN4EVRV9GDa4n1pCnsC0C-k8aV\/view?usp=sharing\">PAGAMENT QUOTES NOVES FAM\u00cdLIES<\/a> (informatiu)<\/li>\n<\/ol>\n<ul>\n<li>Per als nous alumnes matriculats de 3r a 6\u00e8 hi ha el projecte de reutilitzaci\u00f3 de llibres. Podeu mirar el seg\u00fcent document.<\/li>\n<\/ul>\n<p><a href=\"https:\/\/drive.google.com\/file\/d\/1BnEi-ri5ffYBo61Ppk0ZuZVjINNnQQFy\/view?usp=sharing\">REUTILITZACI\u00d3 DE LLIBRES\u00a0<\/a>( informaci\u00f3)<\/p>\n<p><a href=\"https:\/\/drive.google.com\/file\/d\/1oKSaYRmgGzqjcGsfQgVgZEg9Zj0hHs-C\/view?usp=sharing\">SI ADHESI\u00d3 REUTILITZACI\u00d3<\/a> (imprimir)<\/p>\n<p><a href=\"https:\/\/drive.google.com\/file\/d\/1vOMN0U3nb9eh7feBP5R-se_69KPBzeoA\/view?usp=sharing\">NO ADHESI\u00d3 REUTILITZACI\u00d3<\/a> (imprimir)<\/p>\n<p>&nbsp;<\/p>\n","protected":false},"excerpt":{"rendered":"<p>A continuaci\u00f3 us adjuntem diferents enlla\u00e7os informatius per a la inscripci\u00f3 a l\u2019Escola Font Freda.<\/p>\n<ol>\n<li><a href=\"https:\/\/drive.google.com\/file\/d\/1p93LPMyPAuI5zguzUIznDf9Ksdd_iF6P\/view?usp=sharing\">LLISTA PREINSCRITS<\/a><\/li>\n<li><a href=\"https:\/\/drive.google.com\/file\/d\/1yRyuFfq4DhFOsVrJVjmzLo2staa4xdmO\/view?usp=sharing\">LLISTA ALUMNES ASSIGNATS AL CENTRE<\/a><\/li>\n<li><a href=\"https:\/\/drive.google.com\/file\/d\/1maFfxsx718hl_oAe1s6-zc1RxWCAY45R\/view?usp=sharing\">LLISTA D&#8217;ESPERA<\/a><\/li>\n<\/ol>\n<p><a href=\"https:\/\/drive.google.com\/file\/d\/1oevWRLk83dfzFZQEqnILfI-H7bJgEpOm\/view?usp=sharing\">Tour virtual de l&#8217;escola\u00a0<\/a><br \/>\nPer poder fer la matriculaci\u00f3 podeu venir de manera presencial del 13 de juliol al 17 de juliol&hellip;  <a href=\"https:\/\/agora.xtec.cat\/ceip-fontfreda\/general\/matricula-curs-20-21\/\" title=\"Read Matr\u00edcula curs 20-21\">Llegeix m\u00e9s\u00bb<\/a><\/p>\n","protected":false},"author":23,"featured_media":0,"comment_status":"open","ping_status":"closed","sticky":false,"template":"","format":"standard","meta":{"_bbp_topic_count":0,"_bbp_reply_count":0,"_bbp_total_topic_count":0,"_bbp_total_reply_count":0,"_bbp_voice_count":0,"_bbp_anonymous_reply_count":0,"_bbp_topic_count_hidden":0,"_bbp_reply_count_hidden":0,"_bbp_forum_subforum_count":0,"footnotes":""},"categories":[1,4],"tags":[],"class_list":["post-6420","post","type-post","status-publish","format-standard","hentry","category-general","category-portada"],"post_mailing_queue_ids":[],"_links":{"self":[{"href":"https:\/\/agora.xtec.cat\/ceip-fontfreda\/wp-json\/wp\/v2\/posts\/6420","targetHints":{"allow":["GET"]}}],"collection":[{"href":"https:\/\/agora.xtec.cat\/ceip-fontfreda\/wp-json\/wp\/v2\/posts"}],"about":[{"href":"https:\/\/agora.xtec.cat\/ceip-fontfreda\/wp-json\/wp\/v2\/types\/post"}],"author":[{"embeddable":true,"href":"https:\/\/agora.xtec.cat\/ceip-fontfreda\/wp-json\/wp\/v2\/users\/23"}],"replies":[{"embeddable":true,"href":"https:\/\/agora.xtec.cat\/ceip-fontfreda\/wp-json\/wp\/v2\/comments?post=6420"}],"version-history":[{"count":3,"href":"https:\/\/agora.xtec.cat\/ceip-fontfreda\/wp-json\/wp\/v2\/posts\/6420\/revisions"}],"predecessor-version":[{"id":6438,"href":"https:\/\/agora.xtec.cat\/ceip-fontfreda\/wp-json\/wp\/v2\/posts\/6420\/revisions\/6438"}],"wp:attachment":[{"href":"https:\/\/agora.xtec.cat\/ceip-fontfreda\/wp-json\/wp\/v2\/media?parent=6420"}],"wp:term":[{"taxonomy":"category","embeddable":true,"href":"https:\/\/agora.xtec.cat\/ceip-fontfreda\/wp-json\/wp\/v2\/categories?post=6420"},{"taxonomy":"post_tag","embeddable":true,"href":"https:\/\/agora.xtec.cat\/ceip-fontfreda\/wp-json\/wp\/v2\/tags?post=6420"}],"curies":[{"name":"wp","href":"https:\/\/api.w.org\/{rel}","templated":true}]}}