{"id":6364,"date":"2020-06-15T09:08:15","date_gmt":"2020-06-15T07:08:15","guid":{"rendered":"http:\/\/agora.xtec.cat\/ceip-fontfreda\/?p=6364"},"modified":"2020-06-15T09:08:15","modified_gmt":"2020-06-15T07:08:15","slug":"activitats-1r-de-primaria-setmana-10-tercer-trimestre","status":"publish","type":"post","link":"https:\/\/agora.xtec.cat\/ceip-fontfreda\/general\/activitats-1r-de-primaria-setmana-10-tercer-trimestre\/","title":{"rendered":"Activitats 1r de Prim\u00e0ria Setmana 10 Tercer Trimestre"},"content":{"rendered":"<p>Bon dia,<\/p>\n<p>Aqu\u00ed teniu el document amb les activitats preparades per a aquesta \u00faltima setmana!<\/p>\n<p>Desitjo que les gaudiu i que ens veiem aquest dimecres 17 de Juny a les 16h per acomiadar-nos!<\/p>\n<p>Una abra\u00e7ada gran!<\/p>\n<p>Silvia<\/p>\n<p><a href=\"https:\/\/agora.xtec.cat\/ceip-fontfreda\/wp-content\/uploads\/usu813\/2020\/06\/Activitats1rPrim\u00e0riaSetmana10TercerTrimestre.pdf\">Activitats1rPrim\u00e0riaSetmana10TercerTrimestre<\/a><\/p>\n<p><a href=\"https:\/\/agora.xtec.cat\/ceip-fontfreda\/wp-content\/uploads\/usu813\/2020\/06\/hola44.jpg\"><img loading=\"lazy\" decoding=\"async\" class=\"alignnone  wp-image-6366\" src=\"https:\/\/agora.xtec.cat\/ceip-fontfreda\/wp-content\/uploads\/usu813\/2020\/06\/hola44.jpg\" alt=\"\" width=\"203\" height=\"203\" \/><\/a><\/p>\n<p>&nbsp;<\/p>\n<p>&nbsp;<\/p>\n","protected":false},"excerpt":{"rendered":"<p>Bon dia,Aqu\u00ed teniu el document amb les activitats preparades per a aquesta \u00faltima setmana!Desitjo que les gaudiu i que ens veiem aquest dimecres 17 de Juny a les 16h per acomiadar-nos!Una abra\u00e7ada gran!SilviaActivitats1rPrim\u00e0riaSetmana10TercerTrimestre&hellip;  <a href=\"https:\/\/agora.xtec.cat\/ceip-fontfreda\/general\/activitats-1r-de-primaria-setmana-10-tercer-trimestre\/\" title=\"Read Activitats 1r de Prim\u00e0ria Setmana 10 Tercer Trimestre\">Llegeix m\u00e9s\u00bb<\/a><\/p>\n","protected":false},"author":9,"featured_media":0,"comment_status":"open","ping_status":"closed","sticky":false,"template":"","format":"standard","meta":{"_bbp_topic_count":0,"_bbp_reply_count":0,"_bbp_total_topic_count":0,"_bbp_total_reply_count":0,"_bbp_voice_count":0,"_bbp_anonymous_reply_count":0,"_bbp_topic_count_hidden":0,"_bbp_reply_count_hidden":0,"_bbp_forum_subforum_count":0,"footnotes":""},"categories":[10,1],"tags":[],"class_list":["post-6364","post","type-post","status-publish","format-standard","hentry","category-1r","category-general"],"post_mailing_queue_ids":[],"_links":{"self":[{"href":"https:\/\/agora.xtec.cat\/ceip-fontfreda\/wp-json\/wp\/v2\/posts\/6364","targetHints":{"allow":["GET"]}}],"collection":[{"href":"https:\/\/agora.xtec.cat\/ceip-fontfreda\/wp-json\/wp\/v2\/posts"}],"about":[{"href":"https:\/\/agora.xtec.cat\/ceip-fontfreda\/wp-json\/wp\/v2\/types\/post"}],"author":[{"embeddable":true,"href":"https:\/\/agora.xtec.cat\/ceip-fontfreda\/wp-json\/wp\/v2\/users\/9"}],"replies":[{"embeddable":true,"href":"https:\/\/agora.xtec.cat\/ceip-fontfreda\/wp-json\/wp\/v2\/comments?post=6364"}],"version-history":[{"count":1,"href":"https:\/\/agora.xtec.cat\/ceip-fontfreda\/wp-json\/wp\/v2\/posts\/6364\/revisions"}],"predecessor-version":[{"id":6367,"href":"https:\/\/agora.xtec.cat\/ceip-fontfreda\/wp-json\/wp\/v2\/posts\/6364\/revisions\/6367"}],"wp:attachment":[{"href":"https:\/\/agora.xtec.cat\/ceip-fontfreda\/wp-json\/wp\/v2\/media?parent=6364"}],"wp:term":[{"taxonomy":"category","embeddable":true,"href":"https:\/\/agora.xtec.cat\/ceip-fontfreda\/wp-json\/wp\/v2\/categories?post=6364"},{"taxonomy":"post_tag","embeddable":true,"href":"https:\/\/agora.xtec.cat\/ceip-fontfreda\/wp-json\/wp\/v2\/tags?post=6364"}],"curies":[{"name":"wp","href":"https:\/\/api.w.org\/{rel}","templated":true}]}}