{"id":6360,"date":"2020-06-14T23:56:49","date_gmt":"2020-06-14T21:56:49","guid":{"rendered":"http:\/\/agora.xtec.cat\/ceip-fontfreda\/?p=6360"},"modified":"2020-06-14T23:56:49","modified_gmt":"2020-06-14T21:56:49","slug":"darrera-setmana-de-juny","status":"publish","type":"post","link":"https:\/\/agora.xtec.cat\/ceip-fontfreda\/primaria\/darrera-setmana-de-juny\/","title":{"rendered":"Darrera setmana de juny!"},"content":{"rendered":"<p><a href=\"https:\/\/agora.xtec.cat\/ceip-fontfreda\/wp-content\/uploads\/usu813\/2020\/06\/corazones002.gif\"><img loading=\"lazy\" decoding=\"async\" class=\"aligncenter size-thumbnail wp-image-6361\" src=\"https:\/\/agora.xtec.cat\/ceip-fontfreda\/wp-content\/uploads\/usu813\/2020\/06\/corazones002-150x150.gif\" alt=\"\" width=\"150\" height=\"150\" \/><\/a><\/p>\n<p>Ara s\u00ed que s\u00ed!<\/p>\n<p>Ja est\u00e0 aqu\u00ed la darrera setmana d\u2019aquest curs tan peculiar i especial.<\/p>\n<p>A continuaci\u00f3 trobareu un document en catal\u00e0 i castell\u00e0 amb les instruccions per aquesta setmana. Llegiu-les b\u00e9 que hi ha sorpreses.<\/p>\n<p>Espero que ens puguem veure a la reuni\u00f3 de la setmana per poder-nos acomiadar. Per si no ens veiem, espero que pugueu passar un bon estiu i que ens veiem al setembre. Us envio una abra\u00e7ada gegant!!<\/p>\n<p>Olga<\/p>\n<p><a href=\"https:\/\/agora.xtec.cat\/ceip-fontfreda\/wp-content\/uploads\/usu813\/2020\/06\/ultimasetmanacurs.pdf\">ultimasetmanacurs<\/a><\/p>\n<p>&nbsp;<\/p>\n","protected":false},"excerpt":{"rendered":"<p><a href=\"https:\/\/agora.xtec.cat\/ceip-fontfreda\/wp-content\/uploads\/usu813\/2020\/06\/corazones002.gif\"><\/a><br \/>\nAra s\u00ed que s\u00ed!<br \/>\nJa est\u00e0 aqu\u00ed la darrera setmana d\u2019aquest curs tan peculiar i especial.<br \/>\nA continuaci\u00f3 trobareu un document en catal\u00e0 i castell\u00e0 amb les instruccions per aquesta setmana. Llegiu-les b\u00e9 que hi ha sorpreses.<br \/>\nEspero que ens puguem veure a la reuni\u00f3 de la&hellip;  <a href=\"https:\/\/agora.xtec.cat\/ceip-fontfreda\/primaria\/darrera-setmana-de-juny\/\" title=\"Read Darrera setmana de juny!\">Llegeix m\u00e9s\u00bb<\/a><\/p>\n","protected":false},"author":1,"featured_media":0,"comment_status":"open","ping_status":"closed","sticky":false,"template":"","format":"standard","meta":{"_bbp_topic_count":0,"_bbp_reply_count":0,"_bbp_total_topic_count":0,"_bbp_total_reply_count":0,"_bbp_voice_count":0,"_bbp_anonymous_reply_count":0,"_bbp_topic_count_hidden":0,"_bbp_reply_count_hidden":0,"_bbp_forum_subforum_count":0,"footnotes":""},"categories":[11,5],"tags":[],"class_list":["post-6360","post","type-post","status-publish","format-standard","hentry","category-2n","category-primaria"],"post_mailing_queue_ids":[],"_links":{"self":[{"href":"https:\/\/agora.xtec.cat\/ceip-fontfreda\/wp-json\/wp\/v2\/posts\/6360","targetHints":{"allow":["GET"]}}],"collection":[{"href":"https:\/\/agora.xtec.cat\/ceip-fontfreda\/wp-json\/wp\/v2\/posts"}],"about":[{"href":"https:\/\/agora.xtec.cat\/ceip-fontfreda\/wp-json\/wp\/v2\/types\/post"}],"author":[{"embeddable":true,"href":"https:\/\/agora.xtec.cat\/ceip-fontfreda\/wp-json\/wp\/v2\/users\/1"}],"replies":[{"embeddable":true,"href":"https:\/\/agora.xtec.cat\/ceip-fontfreda\/wp-json\/wp\/v2\/comments?post=6360"}],"version-history":[{"count":1,"href":"https:\/\/agora.xtec.cat\/ceip-fontfreda\/wp-json\/wp\/v2\/posts\/6360\/revisions"}],"predecessor-version":[{"id":6363,"href":"https:\/\/agora.xtec.cat\/ceip-fontfreda\/wp-json\/wp\/v2\/posts\/6360\/revisions\/6363"}],"wp:attachment":[{"href":"https:\/\/agora.xtec.cat\/ceip-fontfreda\/wp-json\/wp\/v2\/media?parent=6360"}],"wp:term":[{"taxonomy":"category","embeddable":true,"href":"https:\/\/agora.xtec.cat\/ceip-fontfreda\/wp-json\/wp\/v2\/categories?post=6360"},{"taxonomy":"post_tag","embeddable":true,"href":"https:\/\/agora.xtec.cat\/ceip-fontfreda\/wp-json\/wp\/v2\/tags?post=6360"}],"curies":[{"name":"wp","href":"https:\/\/api.w.org\/{rel}","templated":true}]}}