{"id":6357,"date":"2020-06-14T22:41:24","date_gmt":"2020-06-14T20:41:24","guid":{"rendered":"http:\/\/agora.xtec.cat\/ceip-fontfreda\/?p=6357"},"modified":"2020-06-14T22:41:24","modified_gmt":"2020-06-14T20:41:24","slug":"programacio-ultima-setmana","status":"publish","type":"post","link":"https:\/\/agora.xtec.cat\/ceip-fontfreda\/primaria\/4t\/programacio-ultima-setmana\/","title":{"rendered":"PROGRAMACI\u00d3 \u00daLTIMA SETMANA!!!"},"content":{"rendered":"<p><strong><u>PROGRAMACI\u00d3 4T :<\/u><\/strong><\/p>\n<p><span style=\"color: #993366\"><strong><u>TERCER TRIMESTRE<\/u><\/strong><\/span><\/p>\n<p><span style=\"color: #339966\"><strong><u>\u00a0<\/u><\/strong><strong>DEL 15 AL19 DE JUNY: <\/strong><\/span><span style=\"color: #339966\"><strong>JA HEM ARRIBAT A L&#8217;\u00daLTIMA SETMANA!!!<\/strong><\/span><\/p>\n<p><iframe loading=\"lazy\" src=\"\/\/giphy.com\/embed\/SVfm9NpBocbLH1Kyur\" width=\"480\" height=\"480\" frameborder=\"0\"><\/iframe><\/p>\n<p><span style=\"color: #339966\"><strong>Nens i nenes de 4t, semblava que no arribaria mai, per\u00f2 ja ens hem plantat a l&#8217;\u00faltima setmana, aix\u00ed que&#8230; respirem fort i \u00e0nims, a treballar,\u00a0 que s\u00f3n els \u00faltims deures!!<\/strong><\/span><\/p>\n<p><strong><span style=\"color: #000000\">correus: <\/span><\/strong>\u00a0<strong><a href=\"mailto:lcintas@xtec.cat\">lcintas@xtec.cat<\/a><u> i <\/u><a href=\"mailto:caparic5@xtec.cat\">caparic5@xtec.cat<\/a><\/strong><\/p>\n<p><u> <\/u><span style=\"color: #ff0000\"><strong style=\"font-family: inherit;font-size: 1em\"><u>Tasques globalitzades:<\/u><\/strong><\/span> <span style=\"color: #ffff00\"><strong style=\"font-family: inherit;font-size: 1em\"><u>CATAL\u00c0 i<\/u><\/strong><\/span><span style=\"color: #0000ff\"><strong style=\"font-family: inherit;font-size: 1em\"><u> MATES<\/u><\/strong><\/span><strong><u>\u00a0<\/u><\/strong><\/p>\n<p>Tant de temps confinats, ens ha deixat mooooltes ganes de sortir i fer activitats fora de casa, i, per suposat, fer vacances en fam\u00edlia, i d&#8217;aix\u00f2 tracta aquesta tasca. Et proposem 3 destinacions tur\u00edstiques a on podr\u00edem passar uns dies de relax i aventura. Haur\u00e0s de triar un i&#8230;. b\u00e9, no pot ser tot tan f\u00e0cil, penseu que el proper curs ja hi serem al cicle superior i us tocar\u00e0 pensar una miqueta i fer una mica de c\u00e0lculs. A veure com surten aquestes vacances!!<\/p>\n<ol start=\"2\">\n<li><span style=\"color: #0000ff\"><strong><u> MATES:<\/u><\/strong><\/span><\/li>\n<\/ol>\n<p>Com sabem que us han agradat molt els jocs matem\u00e0tics, aqu\u00ed teniu uns quants per pensar una mica. Segur que trobeu de seguida les solucions!!<strong>\u00a0<\/strong><\/p>\n<ol start=\"3\">\n<li><span style=\"color: #ff00ff\"><strong><u> TASQUES DE M\u00daSICA:<\/u><\/strong><\/span><strong style=\"font-family: inherit;font-size: 1em\">\u00a0<\/strong><\/li>\n<\/ol>\n<p><strong>\u00a0 <\/strong><strong>\u00a0<\/strong>La proposta de la Judith per aquesta setmana t\u00e9 molt a veure amb la festa i la disbauxa, per aix\u00f2 tot el que haureu de fer ser\u00e0 cantar i ballar!! La millor proposta per l&#8217;\u00faltima setmana de curs. Trobareu les can\u00e7ons al blog de m\u00fasica:<\/p>\n<p><strong>\u00a0 <\/strong><a href=\"http:\/\/petitsgransmusicsfontfreda.blogspot.com\/p\/propostes.html\"><strong>http:\/\/petitsgransmusicsfontfreda.blogspot.com\/p\/propostes.html<\/strong><\/a><\/p>\n<p><strong>\u00a0<\/strong><strong>\u00a0\u00a0 correu: <\/strong><span style=\"color: #ff00ff\"><u>judithpijuan@fontfreda.cat<\/u><\/span><\/p>\n<ol start=\"5\">\n<li><span style=\"color: #ff6600\"><strong><u>TASQUES D&#8217;ANGL\u00c8S:<\/u><\/strong><\/span><\/li>\n<\/ol>\n<p>La proposta d&#8217;angl\u00e8s d&#8217;aquesta setmana no pot ser m\u00e9s divertida: un pasaparaula per recordar que heu apr\u00e8s durant tot aquest curs. El trobareu al seg\u00fcent link:<\/p>\n<p><a href=\"https:\/\/genmagic.net\/pasapalabras_app\/inicio\/?id=summer_is_here\">https:\/\/genmagic.net\/pasapalabras_app\/inicio\/?id=summer_is_here<\/a><\/p>\n<p>Enjoy the game!!<\/p>\n<h5><strong>correu:<\/strong> <a href=\"mailto:monicarius@fontfreda.cat\">monicarius<\/a><a href=\"mailto:monicarius@fontfreda.cat\"><strong>@<\/strong><\/a><a href=\"mailto:monicarius@fontfreda.cat\">fontfreda.cat<\/a><\/h5>\n<p>&nbsp;<\/p>\n<p><strong style=\"font-family: inherit;font-size: 1em\"><u>6. T<\/u><\/strong><strong style=\"font-family: inherit;font-size: 1em\"><u>ASQUES D&#8217;EDUCACI\u00d3 F\u00cdSICA:<\/u><\/strong><strong><u>\u00a0<\/u><\/strong><\/p>\n<p>Com heu tingut tantes propostes i tan divertides, per aquesta \u00faltima setmana, podeu triar la que m\u00e9s us ha agradat durant aquest confinament i tornar a fer-la. Tamb\u00e9 podeu aprofitar per sortir al carrer, jugar, c\u00f3rrer, saltar&#8230;<\/p>\n<p><strong>correu: <\/strong><a href=\"mailto:jordilopez@fontfreda.cat\">jordilopez@fontfreda.cat<\/a><\/p>\n<p><span style=\"color: #ff6600\">RECORDEU QUE ENS VEUREM AQUEST DIJOUS AL MEET PER FER EL COMIAT DEL CURS. QUEDAREM UNA MICA ABANS, A LES 10,30h I DESPR\u00c9S ENS AJUNTAREM ELS DOS QUARTS, PER CELEBRAR QUE AIX\u00d2 S&#8217;ACABA. NO T&#8217;OBLIDIS, NO POT FALTAR NING\u00da!!!<\/span><\/p>\n<p>&nbsp;<\/p>\n","protected":false},"excerpt":{"rendered":"<p>PROGRAMACI\u00d3 4T :<br \/>\nTERCER TRIMESTRE<br \/>\n\u00a0DEL 15 AL19 DE JUNY: JA HEM ARRIBAT A L&#8217;\u00daLTIMA SETMANA!!!<\/p>\n<p>Nens i nenes de 4t, semblava que no arribaria mai, per\u00f2 ja ens hem plantat a l&#8217;\u00faltima setmana, aix\u00ed que&#8230; respirem fort i \u00e0nims, a treballar,\u00a0 que s\u00f3n els \u00faltims deures!!<br \/>\ncorreus: \u00a0<a&hellip;  <a href=\"https:\/\/agora.xtec.cat\/ceip-fontfreda\/primaria\/4t\/programacio-ultima-setmana\/\" title=\"Read PROGRAMACI\u00d3 \u00daLTIMA SETMANA!!!\">Llegeix m\u00e9s\u00bb<\/a><\/p>\n","protected":false},"author":1,"featured_media":0,"comment_status":"open","ping_status":"closed","sticky":false,"template":"","format":"standard","meta":{"_bbp_topic_count":0,"_bbp_reply_count":0,"_bbp_total_topic_count":0,"_bbp_total_reply_count":0,"_bbp_voice_count":0,"_bbp_anonymous_reply_count":0,"_bbp_topic_count_hidden":0,"_bbp_reply_count_hidden":0,"_bbp_forum_subforum_count":0,"footnotes":""},"categories":[13],"tags":[],"class_list":["post-6357","post","type-post","status-publish","format-standard","hentry","category-4t"],"post_mailing_queue_ids":[],"_links":{"self":[{"href":"https:\/\/agora.xtec.cat\/ceip-fontfreda\/wp-json\/wp\/v2\/posts\/6357","targetHints":{"allow":["GET"]}}],"collection":[{"href":"https:\/\/agora.xtec.cat\/ceip-fontfreda\/wp-json\/wp\/v2\/posts"}],"about":[{"href":"https:\/\/agora.xtec.cat\/ceip-fontfreda\/wp-json\/wp\/v2\/types\/post"}],"author":[{"embeddable":true,"href":"https:\/\/agora.xtec.cat\/ceip-fontfreda\/wp-json\/wp\/v2\/users\/1"}],"replies":[{"embeddable":true,"href":"https:\/\/agora.xtec.cat\/ceip-fontfreda\/wp-json\/wp\/v2\/comments?post=6357"}],"version-history":[{"count":1,"href":"https:\/\/agora.xtec.cat\/ceip-fontfreda\/wp-json\/wp\/v2\/posts\/6357\/revisions"}],"predecessor-version":[{"id":6358,"href":"https:\/\/agora.xtec.cat\/ceip-fontfreda\/wp-json\/wp\/v2\/posts\/6357\/revisions\/6358"}],"wp:attachment":[{"href":"https:\/\/agora.xtec.cat\/ceip-fontfreda\/wp-json\/wp\/v2\/media?parent=6357"}],"wp:term":[{"taxonomy":"category","embeddable":true,"href":"https:\/\/agora.xtec.cat\/ceip-fontfreda\/wp-json\/wp\/v2\/categories?post=6357"},{"taxonomy":"post_tag","embeddable":true,"href":"https:\/\/agora.xtec.cat\/ceip-fontfreda\/wp-json\/wp\/v2\/tags?post=6357"}],"curies":[{"name":"wp","href":"https:\/\/api.w.org\/{rel}","templated":true}]}}