{"id":6332,"date":"2020-06-08T08:31:37","date_gmt":"2020-06-08T06:31:37","guid":{"rendered":"http:\/\/agora.xtec.cat\/ceip-fontfreda\/?p=6332"},"modified":"2020-06-08T08:36:16","modified_gmt":"2020-06-08T06:36:16","slug":"activitats-per-1r-de-primaria-setmana-9-tercer-trimestre","status":"publish","type":"post","link":"https:\/\/agora.xtec.cat\/ceip-fontfreda\/primaria\/1r\/activitats-per-1r-de-primaria-setmana-9-tercer-trimestre\/","title":{"rendered":"Activitats per 1r de Prim\u00e0ria Setmana 9 Tercer Trimestre"},"content":{"rendered":"<p>Bon dia,<\/p>\n<p>En el seg\u00fcent <strong>pdf<\/strong> trobareu les propostes d&#8217;activitats per a aquesta setmana que com ja sabeu s\u00f3n activitats on-line per anar repassant alguns aspectes!<\/p>\n<p>Que tingueu molt bona setmana!<\/p>\n<p>\u00c0nims i una abra\u00e7ada molt gran!<\/p>\n<p>Silvia<\/p>\n<p><a href=\"https:\/\/agora.xtec.cat\/ceip-fontfreda\/wp-content\/uploads\/usu813\/2020\/06\/Activitats1rPrim\u00e0riaSetmana9TercerTrimestre.pdf\">Activitats1rPrim\u00e0riaSetmana9TercerTrimestre<\/a><\/p>\n<p><a href=\"https:\/\/agora.xtec.cat\/ceip-fontfreda\/wp-content\/uploads\/usu813\/2020\/06\/hola55.jpg\"><img loading=\"lazy\" decoding=\"async\" class=\"alignnone wp-image-6333\" src=\"https:\/\/agora.xtec.cat\/ceip-fontfreda\/wp-content\/uploads\/usu813\/2020\/06\/hola55.jpg\" alt=\"\" width=\"169\" height=\"169\" \/><\/a><\/p>\n<p>&nbsp;<\/p>\n<p>&nbsp;<\/p>\n<p>&nbsp;<\/p>\n","protected":false},"excerpt":{"rendered":"<p>Bon dia,En el seg\u00fcent pdf trobareu les propostes d&#8217;activitats per a aquesta setmana que com ja sabeu s\u00f3n activitats on-line per anar repassant alguns aspectes!Que tingueu molt bona setmana!\u00c0nims i una abra\u00e7ada molt gran!SilviaActivitats1rPrim\u00e0riaSetmana9TercerTrimestre&hellip;  <a href=\"https:\/\/agora.xtec.cat\/ceip-fontfreda\/primaria\/1r\/activitats-per-1r-de-primaria-setmana-9-tercer-trimestre\/\" title=\"Read Activitats per 1r de Prim\u00e0ria Setmana 9 Tercer Trimestre\">Llegeix m\u00e9s\u00bb<\/a><\/p>\n","protected":false},"author":9,"featured_media":0,"comment_status":"open","ping_status":"closed","sticky":false,"template":"","format":"standard","meta":{"_bbp_topic_count":0,"_bbp_reply_count":0,"_bbp_total_topic_count":0,"_bbp_total_reply_count":0,"_bbp_voice_count":0,"_bbp_anonymous_reply_count":0,"_bbp_topic_count_hidden":0,"_bbp_reply_count_hidden":0,"_bbp_forum_subforum_count":0,"footnotes":""},"categories":[10],"tags":[],"class_list":["post-6332","post","type-post","status-publish","format-standard","hentry","category-1r"],"post_mailing_queue_ids":[],"_links":{"self":[{"href":"https:\/\/agora.xtec.cat\/ceip-fontfreda\/wp-json\/wp\/v2\/posts\/6332","targetHints":{"allow":["GET"]}}],"collection":[{"href":"https:\/\/agora.xtec.cat\/ceip-fontfreda\/wp-json\/wp\/v2\/posts"}],"about":[{"href":"https:\/\/agora.xtec.cat\/ceip-fontfreda\/wp-json\/wp\/v2\/types\/post"}],"author":[{"embeddable":true,"href":"https:\/\/agora.xtec.cat\/ceip-fontfreda\/wp-json\/wp\/v2\/users\/9"}],"replies":[{"embeddable":true,"href":"https:\/\/agora.xtec.cat\/ceip-fontfreda\/wp-json\/wp\/v2\/comments?post=6332"}],"version-history":[{"count":2,"href":"https:\/\/agora.xtec.cat\/ceip-fontfreda\/wp-json\/wp\/v2\/posts\/6332\/revisions"}],"predecessor-version":[{"id":6339,"href":"https:\/\/agora.xtec.cat\/ceip-fontfreda\/wp-json\/wp\/v2\/posts\/6332\/revisions\/6339"}],"wp:attachment":[{"href":"https:\/\/agora.xtec.cat\/ceip-fontfreda\/wp-json\/wp\/v2\/media?parent=6332"}],"wp:term":[{"taxonomy":"category","embeddable":true,"href":"https:\/\/agora.xtec.cat\/ceip-fontfreda\/wp-json\/wp\/v2\/categories?post=6332"},{"taxonomy":"post_tag","embeddable":true,"href":"https:\/\/agora.xtec.cat\/ceip-fontfreda\/wp-json\/wp\/v2\/tags?post=6332"}],"curies":[{"name":"wp","href":"https:\/\/api.w.org\/{rel}","templated":true}]}}