{"id":6308,"date":"2020-06-01T22:29:14","date_gmt":"2020-06-01T20:29:14","guid":{"rendered":"http:\/\/agora.xtec.cat\/ceip-fontfreda\/?p=6308"},"modified":"2020-06-01T22:29:14","modified_gmt":"2020-06-01T20:29:14","slug":"primera-proposta-de-juny","status":"publish","type":"post","link":"https:\/\/agora.xtec.cat\/ceip-fontfreda\/primaria\/primera-proposta-de-juny\/","title":{"rendered":"Primera proposta de juny"},"content":{"rendered":"<p><a href=\"https:\/\/agora.xtec.cat\/ceip-fontfreda\/wp-content\/uploads\/usu813\/2020\/06\/e9fd9e17f99f46093896acda9f696f94442e705fc8b1c556a79619e9255ecf79.0.png\"><img loading=\"lazy\" decoding=\"async\" class=\"alignnone size-full wp-image-6309\" src=\"https:\/\/agora.xtec.cat\/ceip-fontfreda\/wp-content\/uploads\/usu813\/2020\/06\/e9fd9e17f99f46093896acda9f696f94442e705fc8b1c556a79619e9255ecf79.0.png\" alt=\"\" width=\"398\" height=\"398\" \/><\/a><\/p>\n<p>Bon dia!<\/p>\n<p>Ja ha comen\u00e7at la recta final, esteu preparats i preparades? A partir d&#8217;aquesta setmana les propostes s\u00f3n diferents, heu treballat molt i tamb\u00e9 \u00e9s important divertir-se una mica!<\/p>\n<p>En aquest enlla\u00e7 podreu jugar a un joc molt especial: les activitats que hi surten han estat pensades pels vostres companys i companyes de cicle superior. Animeu-vos a jugar!<\/p>\n<p><a href=\"https:\/\/view.genial.ly\/5ed37b688d3239111964088c\/game-el-joc-del-font-freda\">https:\/\/view.genial.ly\/5ed37b688d3239111964088c\/game-el-joc-del-font-freda<\/a><\/p>\n<p>&nbsp;<\/p>\n<p>Des d&#8217;angl\u00e8s, la Judith i la S\u00edlvia ens animen a jugar a un joc que tots i totes coneixeu i de pas practicar l&#8217;angl\u00e8s. Let&#8217;s go!<\/p>\n<p><a href=\"http:\/\/anglesfontfreda.blogspot.com\/2020\/06\/angles-per-1r-2n-i-3r-setmana-1-al-7-de.html\">http:\/\/anglesfontfreda.blogspot.com\/2020\/06\/angles-per-1r-2n-i-3r-setmana-1-al-7-de.html<\/a><\/p>\n<p>&nbsp;<\/p>\n<p>I a m\u00fasica, la Judith ens presenta dues propostes: la primera \u00e9s sobre la can\u00e7\u00f3 &#8220;No ens desdibuixeu&#8221; i la segona \u00e9s un joc molt divertit per repassar diferents instruments. Podeu recon\u00e8ixer\u00a0a les persones que surten en aquest joc? Fixeu-vos-hi b\u00e9&#8230;<\/p>\n<p><a href=\"http:\/\/petitsgransmusicsfontfreda.blogspot.com\/2020\/05\/encara-hi-som-temps.html\">http:\/\/petitsgransmusicsfontfreda.blogspot.com\/2020\/05\/encara-hi-som-temps.html<\/a><\/p>\n<p><a href=\"http:\/\/petitsgransmusicsfontfreda.blogspot.com\/p\/propostes.html\">http:\/\/petitsgransmusicsfontfreda.blogspot.com\/p\/propostes.html<\/a><\/p>\n<p>Que tingueu molt bona setmana!<\/p>\n","protected":false},"excerpt":{"rendered":"<p><a href=\"https:\/\/agora.xtec.cat\/ceip-fontfreda\/wp-content\/uploads\/usu813\/2020\/06\/e9fd9e17f99f46093896acda9f696f94442e705fc8b1c556a79619e9255ecf79.0.png\"><\/a><br \/>\nBon dia!<br \/>\nJa ha comen\u00e7at la recta final, esteu preparats i preparades? A partir d&#8217;aquesta setmana les propostes s\u00f3n diferents, heu treballat molt i tamb\u00e9 \u00e9s important divertir-se una mica!<br \/>\nEn aquest enlla\u00e7 podreu jugar a un joc molt especial: les activitats que hi surten han&hellip;  <a href=\"https:\/\/agora.xtec.cat\/ceip-fontfreda\/primaria\/primera-proposta-de-juny\/\" title=\"Read Primera proposta de juny\">Llegeix m\u00e9s\u00bb<\/a><\/p>\n","protected":false},"author":1,"featured_media":0,"comment_status":"open","ping_status":"closed","sticky":false,"template":"","format":"standard","meta":{"_bbp_topic_count":0,"_bbp_reply_count":0,"_bbp_total_topic_count":0,"_bbp_total_reply_count":0,"_bbp_voice_count":0,"_bbp_anonymous_reply_count":0,"_bbp_topic_count_hidden":0,"_bbp_reply_count_hidden":0,"_bbp_forum_subforum_count":0,"footnotes":""},"categories":[11,5],"tags":[],"class_list":["post-6308","post","type-post","status-publish","format-standard","hentry","category-2n","category-primaria"],"post_mailing_queue_ids":[],"_links":{"self":[{"href":"https:\/\/agora.xtec.cat\/ceip-fontfreda\/wp-json\/wp\/v2\/posts\/6308","targetHints":{"allow":["GET"]}}],"collection":[{"href":"https:\/\/agora.xtec.cat\/ceip-fontfreda\/wp-json\/wp\/v2\/posts"}],"about":[{"href":"https:\/\/agora.xtec.cat\/ceip-fontfreda\/wp-json\/wp\/v2\/types\/post"}],"author":[{"embeddable":true,"href":"https:\/\/agora.xtec.cat\/ceip-fontfreda\/wp-json\/wp\/v2\/users\/1"}],"replies":[{"embeddable":true,"href":"https:\/\/agora.xtec.cat\/ceip-fontfreda\/wp-json\/wp\/v2\/comments?post=6308"}],"version-history":[{"count":1,"href":"https:\/\/agora.xtec.cat\/ceip-fontfreda\/wp-json\/wp\/v2\/posts\/6308\/revisions"}],"predecessor-version":[{"id":6310,"href":"https:\/\/agora.xtec.cat\/ceip-fontfreda\/wp-json\/wp\/v2\/posts\/6308\/revisions\/6310"}],"wp:attachment":[{"href":"https:\/\/agora.xtec.cat\/ceip-fontfreda\/wp-json\/wp\/v2\/media?parent=6308"}],"wp:term":[{"taxonomy":"category","embeddable":true,"href":"https:\/\/agora.xtec.cat\/ceip-fontfreda\/wp-json\/wp\/v2\/categories?post=6308"},{"taxonomy":"post_tag","embeddable":true,"href":"https:\/\/agora.xtec.cat\/ceip-fontfreda\/wp-json\/wp\/v2\/tags?post=6308"}],"curies":[{"name":"wp","href":"https:\/\/api.w.org\/{rel}","templated":true}]}}