{"id":6306,"date":"2020-06-01T21:29:07","date_gmt":"2020-06-01T19:29:07","guid":{"rendered":"http:\/\/agora.xtec.cat\/ceip-fontfreda\/?p=6306"},"modified":"2020-06-01T21:29:07","modified_gmt":"2020-06-01T19:29:07","slug":"programacio-setmana-del-2-al-5-de-juny","status":"publish","type":"post","link":"https:\/\/agora.xtec.cat\/ceip-fontfreda\/primaria\/4t\/programacio-setmana-del-2-al-5-de-juny\/","title":{"rendered":"PROGRAMACI\u00d3 SETMANA DEL 2 AL 5 DE JUNY"},"content":{"rendered":"<p>&nbsp;<\/p>\n<h3><span style=\"color: #0000ff\"><strong><u>PROGRAMACI\u00d3 4T :<\/u><\/strong><strong><u>\u00a0<\/u><\/strong><\/span><\/h3>\n<h3><span style=\"color: #0000ff\"><strong><u>TERCER TRIMESTRE<\/u><\/strong><\/span><\/h3>\n<h3><span style=\"color: #0000ff\"><strong><u>\u00a0SETMANA <\/u><\/strong><strong>DEL 2 AL 5 DE JUNY:<\/strong><\/span><\/h3>\n<h3><span style=\"color: #0000ff\"><strong>\u00a0<\/strong><\/span><\/h3>\n<h3><span style=\"color: #339966\"><strong>COMEN\u00c7A EL COMPTE ENRERE!!<\/strong><\/span><\/h3>\n<p>&nbsp;<\/p>\n<p><strong>\u00a0<\/strong>Correus: <a href=\"mailto:lcintas@xtec.cat\"><strong>lcintas@xtec.cat<\/strong><\/a><strong><u> i <\/u><a href=\"mailto:caparic5@xtec.cat\">caparic5@xtec.cat<\/a><\/strong><\/p>\n<p>&nbsp;<\/p>\n<p><span style=\"color: #800080\"><strong style=\"font-family: inherit;font-size: 1em\"><u>Tasques globalitzades:<\/u><\/strong><\/span><span style=\"color: #339966\"><strong style=\"font-family: inherit;font-size: 1em\"><u>I+D (Actualitat)<\/u><\/strong><\/span> <strong style=\"font-family: inherit;font-size: 1em\"><u>i<\/u><\/strong> <span style=\"color: #ffff00\"><strong style=\"font-family: inherit;font-size: 1em\"><u>CATAL\u00c0<\/u><\/strong><\/span><\/p>\n<p><strong><u>\u00a0<\/u><\/strong><\/p>\n<p>Lectura i preguntes de comprensi\u00f3 lectora. Tamb\u00e9 haur\u00e0s de fer un petit escrit sobre les receptes que segur que has cuinat durant aquest confinament<\/p>\n<p><strong><u>\u00a0<\/u><\/strong><\/p>\n<p><span style=\"color: #008080\"><strong>\u00a0<u>2.MATES:<\/u><\/strong><\/span><strong><u>\u00a0<\/u><\/strong><\/p>\n<p><strong>\u00a0\u00a0\u00a0\u00a0\u00a0 Que tal una mica de c\u00e0lcul mental? Haur\u00e0s de fer una mica de tot,\u00a0 per\u00f2 en forma de&#8230;SERP!! \u00c0nims, haur\u00e0s de tenir una mica de paci\u00e8ncia<\/strong><strong>\u00a0 \u00a0\u00a0<\/strong><\/p>\n<p><strong>\u00a0<\/strong><\/p>\n<ol start=\"3\">\n<li><span style=\"color: #ff00ff\"><strong><u> TASQUES DE M\u00daSICA:<\/u><\/strong><\/span><u style=\"font-family: inherit;font-size: 1em\">\u00a0<\/u><\/li>\n<\/ol>\n<p><strong>\u00a0 <\/strong><strong>\u00a0<\/strong><strong>El dia 5, o sigui, el proper divendres es celebra el dia del medi ambient. Recordeu que formem part de la iniciativa de DONA LA NOTA de cantar tots junts la can\u00e7\u00f3 &#8220;No ens desdibuixeu&#8221;. Per fer-ho d&#8217;una manera unida i conjunta us animem a veure el videoclip de la can\u00e7\u00f3 realitzat pels nostres alumnes el divendres 5 a les 11 del mat\u00ed coincidint amb l&#8217;acta central del projecte. Trobareu m\u00e9s informaci\u00f3 al blog de m\u00fasica de la Judith:<\/strong><\/p>\n<p><strong>\u00a0<\/strong><\/p>\n<p><span style=\"color: #ff00ff\">\u00a0<strong>\u00a0 <\/strong><a style=\"color: #ff00ff\" href=\"http:\/\/petitsgransmusicsfontfreda.blogspot.com\/p\/propostes.html\"><strong>http:\/\/petitsgransmusicsfontfreda.blogspot.com\/p\/propostes.html<\/strong><\/a><\/span><\/p>\n<p><strong>\u00a0<\/strong><\/p>\n<p><strong>A m\u00e9s a m\u00e9s, al blog trobareu la tasca que la Judith ha pensat per a vosaltres i que haureu de retornar al correu:<\/strong><\/p>\n<p>&nbsp;<\/p>\n<p><strong><span style=\"color: #0000ff\">\u00a0\u00a0\u00a0\u00a0\u00a0 <u>judithpijuan@fontfreda.cat<\/u><\/span><\/strong><\/p>\n<p>&nbsp;<\/p>\n<ol start=\"5\">\n<li><span style=\"color: #ff6600\"><u><strong>.<\/strong><\/u><strong><u> TASQUES D&#8217;ANGL\u00c8S:<\/u><\/strong><\/span><\/li>\n<\/ol>\n<p>Tens un document al correu.<\/p>\n<h5>\u00a0\u00a0\u00a0\u00a0\u00a0\u00a0\u00a0\u00a0\u00a0\u00a0\u00a0\u00a0\u00a0\u00a0\u00a0 correu: <a href=\"mailto:monicarius@fontfreda.cat\"><span style=\"color: #0000ff\">monicarius<\/span><\/a><span style=\"color: #0000ff\"><a style=\"color: #0000ff\" href=\"mailto:monicarius@fontfreda.cat\"><strong>@<\/strong><\/a><a style=\"color: #0000ff\" href=\"mailto:monicarius@fontfreda.cat\">fontfreda.cat<\/a><\/span><\/h5>\n<p><strong><u>\u00a0<\/u><\/strong><\/p>\n<ol start=\"6\">\n<li><span style=\"color: #ff0000\"><strong><u>TASQUES D&#8217;EDUCACI\u00d3 F\u00cdSICA:<\/u><\/strong><\/span><strong style=\"font-family: inherit;font-size: 1em\"><u>\u00a0<\/u><\/strong><\/li>\n<\/ol>\n<p>I des d&#8217;Educaci\u00f3 F\u00edsica continuen les propostes de joc, per\u00f2 el d&#8217;aquesta setmana \u00a0\u00e9s un molt especial, perqu\u00e8 l&#8217;han fet els companys del cole!!<\/p>\n<p>El trobar\u00e0s en el seg\u00fcent enlla\u00e7:<\/p>\n<p><strong>\u00a0<\/strong><span style=\"color: #0000ff\"><strong>https:\/\/view.genial.ly\/5ed37b688d3239111964088c\/game-el-joc-del-font-freda<\/strong><\/span><strong>\u00a0<\/strong><\/p>\n<p>Si jugues envia una foto o v\u00eddeo al Jordi, li far\u00e0 molta il\u00b7lusi\u00f3!!<\/p>\n<p><strong><u>\u00a0<\/u><\/strong><strong>correu: <\/strong><span style=\"color: #0000ff\"><a style=\"color: #0000ff\" href=\"mailto:jordilopez@fontfreda.cat\"><strong>jordilopez@fontfreda.ca<\/strong>t<\/a><\/span><\/p>\n<p><span style=\"color: #ff6600\">AMPLIACI\u00d3 VOLUNT\u00c0RIA: Com que ja hem comen\u00e7at el mes de juny, estem a la fase 1 i amb moltes ganes de carrer, aquesta setmana no hi ha m\u00e9s propostes. Per\u00f2 si sou uns &#8220;addictes&#8221; a les feines del cole \u00a0no dubteu en contactar amb la Cristina o amb la L\u00eddia que amb molt de gust us posarem tota la que vulgueu<\/span><\/p>\n<p>&nbsp;<\/p>\n<p><strong><span style=\"color: #0000ff\">ENS TROBEM EL PROPER DIJOUS AL MEET, NO HI FALTEU, QUE AIX\u00d2 JA S&#8217;ACABA I HEM DE PARLAR DEL FINAL DE CURS!!!<\/span><\/strong><\/p>\n<p>&nbsp;<\/p>\n","protected":false},"excerpt":{"rendered":"<p>&nbsp;<br \/>\nPROGRAMACI\u00d3 4T :\u00a0<br \/>\nTERCER TRIMESTRE<br \/>\n\u00a0SETMANA DEL 2 AL 5 DE JUNY:<br \/>\n\u00a0<br \/>\nCOMEN\u00c7A EL COMPTE ENRERE!!<br \/>\n&nbsp;<br \/>\n\u00a0Correus: <a href=\"mailto:lcintas@xtec.cat\">lcintas@xtec.cat<\/a> i <a href=\"mailto:caparic5@xtec.cat\">caparic5@xtec.cat<\/a><br \/>\n&nbsp;<br \/>\nTasques globalitzades:I+D (Actualitat) i CATAL\u00c0<br \/>\n\u00a0<br \/>\nLectura i preguntes de comprensi\u00f3 lectora. Tamb\u00e9 haur\u00e0s de fer un petit escrit sobre les receptes que segur que has cuinat durant aquest confinament<br \/>\n\u00a0<br \/>\n\u00a02.MATES:\u00a0<br \/>\n\u00a0\u00a0\u00a0\u00a0\u00a0&hellip;  <a href=\"https:\/\/agora.xtec.cat\/ceip-fontfreda\/primaria\/4t\/programacio-setmana-del-2-al-5-de-juny\/\" title=\"Read PROGRAMACI\u00d3 SETMANA DEL 2 AL 5 DE JUNY\">Llegeix m\u00e9s\u00bb<\/a><\/p>\n","protected":false},"author":1,"featured_media":0,"comment_status":"open","ping_status":"closed","sticky":false,"template":"","format":"standard","meta":{"_bbp_topic_count":0,"_bbp_reply_count":0,"_bbp_total_topic_count":0,"_bbp_total_reply_count":0,"_bbp_voice_count":0,"_bbp_anonymous_reply_count":0,"_bbp_topic_count_hidden":0,"_bbp_reply_count_hidden":0,"_bbp_forum_subforum_count":0,"footnotes":""},"categories":[13],"tags":[],"class_list":["post-6306","post","type-post","status-publish","format-standard","hentry","category-4t"],"post_mailing_queue_ids":[],"_links":{"self":[{"href":"https:\/\/agora.xtec.cat\/ceip-fontfreda\/wp-json\/wp\/v2\/posts\/6306","targetHints":{"allow":["GET"]}}],"collection":[{"href":"https:\/\/agora.xtec.cat\/ceip-fontfreda\/wp-json\/wp\/v2\/posts"}],"about":[{"href":"https:\/\/agora.xtec.cat\/ceip-fontfreda\/wp-json\/wp\/v2\/types\/post"}],"author":[{"embeddable":true,"href":"https:\/\/agora.xtec.cat\/ceip-fontfreda\/wp-json\/wp\/v2\/users\/1"}],"replies":[{"embeddable":true,"href":"https:\/\/agora.xtec.cat\/ceip-fontfreda\/wp-json\/wp\/v2\/comments?post=6306"}],"version-history":[{"count":1,"href":"https:\/\/agora.xtec.cat\/ceip-fontfreda\/wp-json\/wp\/v2\/posts\/6306\/revisions"}],"predecessor-version":[{"id":6307,"href":"https:\/\/agora.xtec.cat\/ceip-fontfreda\/wp-json\/wp\/v2\/posts\/6306\/revisions\/6307"}],"wp:attachment":[{"href":"https:\/\/agora.xtec.cat\/ceip-fontfreda\/wp-json\/wp\/v2\/media?parent=6306"}],"wp:term":[{"taxonomy":"category","embeddable":true,"href":"https:\/\/agora.xtec.cat\/ceip-fontfreda\/wp-json\/wp\/v2\/categories?post=6306"},{"taxonomy":"post_tag","embeddable":true,"href":"https:\/\/agora.xtec.cat\/ceip-fontfreda\/wp-json\/wp\/v2\/tags?post=6306"}],"curies":[{"name":"wp","href":"https:\/\/api.w.org\/{rel}","templated":true}]}}