{"id":6294,"date":"2020-06-02T08:00:08","date_gmt":"2020-06-02T06:00:08","guid":{"rendered":"http:\/\/agora.xtec.cat\/ceip-fontfreda\/?p=6294"},"modified":"2020-06-04T22:30:04","modified_gmt":"2020-06-04T20:30:04","slug":"no-ens-desdibuixeu","status":"publish","type":"post","link":"https:\/\/agora.xtec.cat\/ceip-fontfreda\/general\/no-ens-desdibuixeu\/","title":{"rendered":"NO ENS DESDIBUIXEU"},"content":{"rendered":"<p>Hola fam\u00edlies!<a href=\"https:\/\/agora.xtec.cat\/ceip-fontfreda\/wp-content\/uploads\/usu813\/2020\/05\/logo-verd-2.png\"><img loading=\"lazy\" decoding=\"async\" class=\"aligncenter size-full wp-image-6295\" src=\"https:\/\/agora.xtec.cat\/ceip-fontfreda\/wp-content\/uploads\/usu813\/2020\/05\/logo-verd-2.png\" alt=\"\" width=\"600\" height=\"464\" \/>1<\/a><\/p>\n<p>L\u2019escola Font Freda es va inscriure aquest curs a la proposta DONA LA NOTA 2020 que enguany parla del medi ambient.<\/p>\n<p>Desde l\u2019\u00e0rea de m\u00fasica s\u2019ha anat treballant la can\u00e7\u00f3 NO ENS DESDIBUIXEU i el dia 5 de juny aproximadament a les 11\u201900h s\u2019emter\u00e0 en directe l\u2019acte central de DONA LA NOTA 2020 on es podr\u00e0 veure el grup Petaca cantant una versi\u00f3 ac\u00fastica de la can\u00e7\u00f3.<\/p>\n<p>Per poder fer una activitat conjunta desde el confinament, hem creat un video amb dibuixos dels nens i nenes de l\u2019escola i amb la veu tamb\u00e9 dels nens i nenes que han volgut participar enviant les seves gravacions.<\/p>\n<p>Enlla\u00e7 del video<\/p>\n<p><iframe loading=\"lazy\" title=\"NO ENS DESDIBUIXEU (Font freda)\" width=\"500\" height=\"281\" src=\"https:\/\/www.youtube.com\/embed\/GxjPfDZ-Cjo?feature=oembed\" frameborder=\"0\" allow=\"accelerometer; autoplay; clipboard-write; encrypted-media; gyroscope; picture-in-picture; web-share\" referrerpolicy=\"strict-origin-when-cross-origin\" allowfullscreen><\/iframe><\/p>\n<p>&nbsp;<\/p>\n<p>Si entreu aqu\u00ed trobareu tota la informaci\u00f3 : <a href=\"https:\/\/projectes.xtec.cat\/encara-hi-som-a-temps\/\">https:\/\/projectes.xtec.cat\/encara-hi-som-a-temps\/\u00a0<\/a><\/p>\n<p>L&#8217;acte es far\u00e0 en directe a trav\u00e9s d&#8217;aquest canal de Youtube:<\/p>\n<p><iframe loading=\"lazy\" src=\"\/\/www.youtube.com\/embed\/h5COx6FUDcs\" width=\"560\" height=\"315\" frameborder=\"0\"><\/iframe><\/p>\n<p>#encarahisomatemps<\/p>\n<p>#donalanota2020<\/p>\n<p>TOTS ELS MESTRES DE L&#8217;ESCOLA FONT FREDA ENS SUMEM A LA INICIATIVA:<\/p>\n<p><a href=\"https:\/\/agora.xtec.cat\/ceip-fontfreda\/wp-content\/uploads\/usu813\/2020\/06\/IMG-1140.jpg\"><img loading=\"lazy\" decoding=\"async\" class=\"aligncenter size-large wp-image-6302\" src=\"https:\/\/agora.xtec.cat\/ceip-fontfreda\/wp-content\/uploads\/usu813\/2020\/06\/IMG-1140-1024x496.jpg\" alt=\"\" width=\"1024\" height=\"496\" \/><\/a><\/p>\n","protected":false},"excerpt":{"rendered":"<p>TOTS ELS MESTRES DE L&#8217;ESCOLA FONT FREDA ENS SUMEM A LA INICIATIVA DE LA CAMPANYA &#8220;ENCARA HI SOM A TEMPS&#8221;&hellip;  <a href=\"https:\/\/agora.xtec.cat\/ceip-fontfreda\/general\/no-ens-desdibuixeu\/\" title=\"Read NO ENS DESDIBUIXEU\">Llegeix m\u00e9s\u00bb<\/a><\/p>\n","protected":false},"author":13,"featured_media":0,"comment_status":"open","ping_status":"closed","sticky":false,"template":"","format":"standard","meta":{"_bbp_topic_count":0,"_bbp_reply_count":0,"_bbp_total_topic_count":0,"_bbp_total_reply_count":0,"_bbp_voice_count":0,"_bbp_anonymous_reply_count":0,"_bbp_topic_count_hidden":0,"_bbp_reply_count_hidden":0,"_bbp_forum_subforum_count":0,"footnotes":""},"categories":[1,4],"tags":[],"class_list":["post-6294","post","type-post","status-publish","format-standard","hentry","category-general","category-portada"],"post_mailing_queue_ids":[],"_links":{"self":[{"href":"https:\/\/agora.xtec.cat\/ceip-fontfreda\/wp-json\/wp\/v2\/posts\/6294","targetHints":{"allow":["GET"]}}],"collection":[{"href":"https:\/\/agora.xtec.cat\/ceip-fontfreda\/wp-json\/wp\/v2\/posts"}],"about":[{"href":"https:\/\/agora.xtec.cat\/ceip-fontfreda\/wp-json\/wp\/v2\/types\/post"}],"author":[{"embeddable":true,"href":"https:\/\/agora.xtec.cat\/ceip-fontfreda\/wp-json\/wp\/v2\/users\/13"}],"replies":[{"embeddable":true,"href":"https:\/\/agora.xtec.cat\/ceip-fontfreda\/wp-json\/wp\/v2\/comments?post=6294"}],"version-history":[{"count":3,"href":"https:\/\/agora.xtec.cat\/ceip-fontfreda\/wp-json\/wp\/v2\/posts\/6294\/revisions"}],"predecessor-version":[{"id":6326,"href":"https:\/\/agora.xtec.cat\/ceip-fontfreda\/wp-json\/wp\/v2\/posts\/6294\/revisions\/6326"}],"wp:attachment":[{"href":"https:\/\/agora.xtec.cat\/ceip-fontfreda\/wp-json\/wp\/v2\/media?parent=6294"}],"wp:term":[{"taxonomy":"category","embeddable":true,"href":"https:\/\/agora.xtec.cat\/ceip-fontfreda\/wp-json\/wp\/v2\/categories?post=6294"},{"taxonomy":"post_tag","embeddable":true,"href":"https:\/\/agora.xtec.cat\/ceip-fontfreda\/wp-json\/wp\/v2\/tags?post=6294"}],"curies":[{"name":"wp","href":"https:\/\/api.w.org\/{rel}","templated":true}]}}