{"id":6270,"date":"2020-05-24T23:37:05","date_gmt":"2020-05-24T21:37:05","guid":{"rendered":"http:\/\/agora.xtec.cat\/ceip-fontfreda\/?p=6270"},"modified":"2020-05-24T23:37:05","modified_gmt":"2020-05-24T21:37:05","slug":"proposta-sobre-el-temps","status":"publish","type":"post","link":"https:\/\/agora.xtec.cat\/ceip-fontfreda\/primaria\/proposta-sobre-el-temps\/","title":{"rendered":"Proposta sobre el temps"},"content":{"rendered":"<p>Hola classe de Coco!!<\/p>\n<p>Ja som aqu\u00ed una setmana m\u00e9s. El tema de la proposta d&#8217;aquesta setmana \u00e9s el temps&#8230; recordeu com s\u00f3n les hores en catal\u00e0? Esperem que s\u00ed!<\/p>\n<p>Com sempre, teniu la proposta en catal\u00e0 i en castell\u00e0.<\/p>\n<p>Que passeu molt bona setmana!!<\/p>\n<p><a href=\"https:\/\/agora.xtec.cat\/ceip-fontfreda\/wp-content\/uploads\/usu813\/2020\/05\/TEMPS.pdf\">TEMPS<\/a> <a href=\"https:\/\/agora.xtec.cat\/ceip-fontfreda\/wp-content\/uploads\/usu813\/2020\/05\/TIEMPO.pdf\">TIEMPO<\/a><\/p>\n","protected":false},"excerpt":{"rendered":"<p>Proposta setmana del 25 al 29 de maig&hellip;  <a href=\"https:\/\/agora.xtec.cat\/ceip-fontfreda\/primaria\/proposta-sobre-el-temps\/\" title=\"Read Proposta sobre el temps\">Llegeix m\u00e9s\u00bb<\/a><\/p>\n","protected":false},"author":1,"featured_media":0,"comment_status":"open","ping_status":"closed","sticky":false,"template":"","format":"standard","meta":{"_bbp_topic_count":0,"_bbp_reply_count":0,"_bbp_total_topic_count":0,"_bbp_total_reply_count":0,"_bbp_voice_count":0,"_bbp_anonymous_reply_count":0,"_bbp_topic_count_hidden":0,"_bbp_reply_count_hidden":0,"_bbp_forum_subforum_count":0,"footnotes":""},"categories":[11,5],"tags":[],"class_list":["post-6270","post","type-post","status-publish","format-standard","hentry","category-2n","category-primaria"],"post_mailing_queue_ids":[],"_links":{"self":[{"href":"https:\/\/agora.xtec.cat\/ceip-fontfreda\/wp-json\/wp\/v2\/posts\/6270","targetHints":{"allow":["GET"]}}],"collection":[{"href":"https:\/\/agora.xtec.cat\/ceip-fontfreda\/wp-json\/wp\/v2\/posts"}],"about":[{"href":"https:\/\/agora.xtec.cat\/ceip-fontfreda\/wp-json\/wp\/v2\/types\/post"}],"author":[{"embeddable":true,"href":"https:\/\/agora.xtec.cat\/ceip-fontfreda\/wp-json\/wp\/v2\/users\/1"}],"replies":[{"embeddable":true,"href":"https:\/\/agora.xtec.cat\/ceip-fontfreda\/wp-json\/wp\/v2\/comments?post=6270"}],"version-history":[{"count":1,"href":"https:\/\/agora.xtec.cat\/ceip-fontfreda\/wp-json\/wp\/v2\/posts\/6270\/revisions"}],"predecessor-version":[{"id":6273,"href":"https:\/\/agora.xtec.cat\/ceip-fontfreda\/wp-json\/wp\/v2\/posts\/6270\/revisions\/6273"}],"wp:attachment":[{"href":"https:\/\/agora.xtec.cat\/ceip-fontfreda\/wp-json\/wp\/v2\/media?parent=6270"}],"wp:term":[{"taxonomy":"category","embeddable":true,"href":"https:\/\/agora.xtec.cat\/ceip-fontfreda\/wp-json\/wp\/v2\/categories?post=6270"},{"taxonomy":"post_tag","embeddable":true,"href":"https:\/\/agora.xtec.cat\/ceip-fontfreda\/wp-json\/wp\/v2\/tags?post=6270"}],"curies":[{"name":"wp","href":"https:\/\/api.w.org\/{rel}","templated":true}]}}