{"id":6247,"date":"2020-05-18T08:05:16","date_gmt":"2020-05-18T06:05:16","guid":{"rendered":"http:\/\/agora.xtec.cat\/ceip-fontfreda\/?p=6247"},"modified":"2020-05-18T08:05:16","modified_gmt":"2020-05-18T06:05:16","slug":"conte-dombres-de-la-neus-urena","status":"publish","type":"post","link":"https:\/\/agora.xtec.cat\/ceip-fontfreda\/primaria\/1r\/conte-dombres-de-la-neus-urena\/","title":{"rendered":"Conte d&#8217;Ombres de la Neus Ure\u00f1a"},"content":{"rendered":"<p>Bon dia, us torno a penjar el conte d&#8217;ombres que ens va enviar la Neus la setmana passada!<\/p>\n<p>\u00c9s un conte que transmet uns valors molt bonics!<\/p>\n<p>Moltes gr\u00e0cies Neus!<\/p>\n<p>Cliqueu sobre la imatge per veure el v\u00eddeo!<\/p>\n<p><a href=\"https:\/\/www.youtube.com\/watch?v=kspYHmXv4hk&amp;t=4s\"><img loading=\"lazy\" decoding=\"async\" class=\"alignnone  wp-image-6248\" src=\"https:\/\/agora.xtec.cat\/ceip-fontfreda\/wp-content\/uploads\/usu813\/2020\/05\/Ala-1024x581.jpg\" alt=\"\" width=\"377\" height=\"214\" \/><\/a><\/p>\n","protected":false},"excerpt":{"rendered":"<p>Bon dia, us torno a penjar el conte d&#8217;ombres que ens va enviar la Neus la setmana passada!\u00c9s un conte que transmet uns valors molt bonics!Moltes gr\u00e0cies Neus!Cliqueu sobre la imatge per veure el v\u00eddeo!&hellip;  <a href=\"https:\/\/agora.xtec.cat\/ceip-fontfreda\/primaria\/1r\/conte-dombres-de-la-neus-urena\/\" title=\"Read Conte d&#8217;Ombres de la Neus Ure\u00f1a\">Llegeix m\u00e9s\u00bb<\/a><\/p>\n","protected":false},"author":9,"featured_media":0,"comment_status":"open","ping_status":"closed","sticky":false,"template":"","format":"standard","meta":{"_bbp_topic_count":0,"_bbp_reply_count":0,"_bbp_total_topic_count":0,"_bbp_total_reply_count":0,"_bbp_voice_count":0,"_bbp_anonymous_reply_count":0,"_bbp_topic_count_hidden":0,"_bbp_reply_count_hidden":0,"_bbp_forum_subforum_count":0,"footnotes":""},"categories":[10],"tags":[],"class_list":["post-6247","post","type-post","status-publish","format-standard","hentry","category-1r"],"post_mailing_queue_ids":[],"_links":{"self":[{"href":"https:\/\/agora.xtec.cat\/ceip-fontfreda\/wp-json\/wp\/v2\/posts\/6247","targetHints":{"allow":["GET"]}}],"collection":[{"href":"https:\/\/agora.xtec.cat\/ceip-fontfreda\/wp-json\/wp\/v2\/posts"}],"about":[{"href":"https:\/\/agora.xtec.cat\/ceip-fontfreda\/wp-json\/wp\/v2\/types\/post"}],"author":[{"embeddable":true,"href":"https:\/\/agora.xtec.cat\/ceip-fontfreda\/wp-json\/wp\/v2\/users\/9"}],"replies":[{"embeddable":true,"href":"https:\/\/agora.xtec.cat\/ceip-fontfreda\/wp-json\/wp\/v2\/comments?post=6247"}],"version-history":[{"count":1,"href":"https:\/\/agora.xtec.cat\/ceip-fontfreda\/wp-json\/wp\/v2\/posts\/6247\/revisions"}],"predecessor-version":[{"id":6249,"href":"https:\/\/agora.xtec.cat\/ceip-fontfreda\/wp-json\/wp\/v2\/posts\/6247\/revisions\/6249"}],"wp:attachment":[{"href":"https:\/\/agora.xtec.cat\/ceip-fontfreda\/wp-json\/wp\/v2\/media?parent=6247"}],"wp:term":[{"taxonomy":"category","embeddable":true,"href":"https:\/\/agora.xtec.cat\/ceip-fontfreda\/wp-json\/wp\/v2\/categories?post=6247"},{"taxonomy":"post_tag","embeddable":true,"href":"https:\/\/agora.xtec.cat\/ceip-fontfreda\/wp-json\/wp\/v2\/tags?post=6247"}],"curies":[{"name":"wp","href":"https:\/\/api.w.org\/{rel}","templated":true}]}}