{"id":6238,"date":"2020-05-17T23:17:45","date_gmt":"2020-05-17T21:17:45","guid":{"rendered":"http:\/\/agora.xtec.cat\/ceip-fontfreda\/?p=6238"},"modified":"2020-05-17T23:34:47","modified_gmt":"2020-05-17T21:34:47","slug":"alebrijes-2","status":"publish","type":"post","link":"https:\/\/agora.xtec.cat\/ceip-fontfreda\/primaria\/alebrijes-2\/","title":{"rendered":"Alebrijes"},"content":{"rendered":"<p>A continuaci\u00f3 podeu veure tots els alebrijes que hem creat per la proposta de la quarta setmana.<\/p>\n<p>Feu clic en la imatge per poder veure la presentaci\u00f3 multim\u00e8dia. Una vegada estigueu dintre, podeu anar fent clic en les diferents noms dels alebrijes per con\u00e8ixer m\u00e9s d&#8217;ells.<\/p>\n<p>Esperem que us agradin!!<\/p>\n<p><a href=\"https:\/\/view.genial.ly\/5ebfdc4b8e243b0d5a331106\"><img loading=\"lazy\" decoding=\"async\" class=\"alignnone wp-image-6245 size-full\" src=\"https:\/\/agora.xtec.cat\/ceip-fontfreda\/wp-content\/uploads\/usu813\/2020\/05\/002.jpg\" alt=\"\" width=\"1000\" height=\"750\" \/><\/a><\/p>\n<p>&nbsp;<\/p>\n","protected":false},"excerpt":{"rendered":"<p>A continuaci\u00f3 podeu veure tots els alebrijes que hem creat per la proposta de la quarta setmana.<br \/>\nFeu clic en la imatge per poder veure la presentaci\u00f3 multim\u00e8dia. Una vegada estigueu dintre, podeu anar fent clic en les diferents noms dels alebrijes per con\u00e8ixer m\u00e9s d&#8217;ells.<br \/>\nEsperem&hellip;  <a href=\"https:\/\/agora.xtec.cat\/ceip-fontfreda\/primaria\/alebrijes-2\/\" title=\"Read Alebrijes\">Llegeix m\u00e9s\u00bb<\/a><\/p>\n","protected":false},"author":1,"featured_media":0,"comment_status":"open","ping_status":"closed","sticky":false,"template":"","format":"standard","meta":{"_bbp_topic_count":0,"_bbp_reply_count":0,"_bbp_total_topic_count":0,"_bbp_total_reply_count":0,"_bbp_voice_count":0,"_bbp_anonymous_reply_count":0,"_bbp_topic_count_hidden":0,"_bbp_reply_count_hidden":0,"_bbp_forum_subforum_count":0,"footnotes":""},"categories":[11,5],"tags":[],"class_list":["post-6238","post","type-post","status-publish","format-standard","hentry","category-2n","category-primaria"],"post_mailing_queue_ids":[],"_links":{"self":[{"href":"https:\/\/agora.xtec.cat\/ceip-fontfreda\/wp-json\/wp\/v2\/posts\/6238","targetHints":{"allow":["GET"]}}],"collection":[{"href":"https:\/\/agora.xtec.cat\/ceip-fontfreda\/wp-json\/wp\/v2\/posts"}],"about":[{"href":"https:\/\/agora.xtec.cat\/ceip-fontfreda\/wp-json\/wp\/v2\/types\/post"}],"author":[{"embeddable":true,"href":"https:\/\/agora.xtec.cat\/ceip-fontfreda\/wp-json\/wp\/v2\/users\/1"}],"replies":[{"embeddable":true,"href":"https:\/\/agora.xtec.cat\/ceip-fontfreda\/wp-json\/wp\/v2\/comments?post=6238"}],"version-history":[{"count":3,"href":"https:\/\/agora.xtec.cat\/ceip-fontfreda\/wp-json\/wp\/v2\/posts\/6238\/revisions"}],"predecessor-version":[{"id":6246,"href":"https:\/\/agora.xtec.cat\/ceip-fontfreda\/wp-json\/wp\/v2\/posts\/6238\/revisions\/6246"}],"wp:attachment":[{"href":"https:\/\/agora.xtec.cat\/ceip-fontfreda\/wp-json\/wp\/v2\/media?parent=6238"}],"wp:term":[{"taxonomy":"category","embeddable":true,"href":"https:\/\/agora.xtec.cat\/ceip-fontfreda\/wp-json\/wp\/v2\/categories?post=6238"},{"taxonomy":"post_tag","embeddable":true,"href":"https:\/\/agora.xtec.cat\/ceip-fontfreda\/wp-json\/wp\/v2\/tags?post=6238"}],"curies":[{"name":"wp","href":"https:\/\/api.w.org\/{rel}","templated":true}]}}