{"id":6231,"date":"2020-05-17T19:52:59","date_gmt":"2020-05-17T17:52:59","guid":{"rendered":"http:\/\/agora.xtec.cat\/ceip-fontfreda\/?p=6231"},"modified":"2020-05-17T19:52:59","modified_gmt":"2020-05-17T17:52:59","slug":"programacio-del-18-al-24-de-maig-de-2020","status":"publish","type":"post","link":"https:\/\/agora.xtec.cat\/ceip-fontfreda\/primaria\/4t\/programacio-del-18-al-24-de-maig-de-2020\/","title":{"rendered":"PROGRAMACI\u00d3 DEL 18 AL 24 DE MAIG DE 2020"},"content":{"rendered":"<p>&nbsp;<\/p>\n<p><span style=\"color: #0000ff\"><strong><em>PROPOSTA DE LA SETMANA DEL 18 AL 24 DE MAIG<\/em><\/strong><\/span><\/p>\n<p><span style=\"color: #800080\"><strong><em><u>IT&#8217;S TIME TO FACE THE PROBLEM!!<\/u><\/em><\/strong><\/span><\/p>\n<p><span style=\"color: #0000ff\"><strong><u>MATES:<\/u><\/strong><\/span> Aquesta setmana us hem preparat uns quants problemes de mates, d&#8217;aquests que de seguida pensareu que s\u00f3n facil\u00edssims, ja veureu!! Els trobareu en el word que adjuntem. Si no el podeu imprimir, ja sabeu que podeu\u00a0 copiar l&#8217;enunciat a la llibreta, i si aneu molt justets de temps, podeu apuntar nom\u00e9s el resultat. Us animem a fer l&#8217;ampliaci\u00f3, o al menys que veieu el v\u00eddeo perqu\u00e8 realment \u00e9s cosa de m\u00e0gia!!<\/p>\n<p><span style=\"color: #ffff00\"><strong><u>CATAL\u00c0:<\/u><\/strong><\/span> De catal\u00e0 tamb\u00e9 ho hem posat molt f\u00e0cil. Recordeu quan fem el &#8220;Com s\u00f3c de principis de curs&#8221;? Doncs aquesta setmana haureu de fer una descripci\u00f3, per\u00f2 d&#8217;algun company de les classes de 4t. Quan facis la descripci\u00f3 del company de 4tA o B, demana el correu d&#8217;aquesta persona a la Lidia o a la Cristina, ens l&#8217;ensenyes (o envia-li per correu o per WhatsApp), segur que li fa gr\u00e0cia rebre un text que parla d&#8217; ell o ella! Per si necessites una mica d&#8217;ajuda, enviem dos documents word. En el primer, fem una mica de recordatori de com es pot descriure a una persona, i de quines coses podem parlar. En el segon, trobareu una graella que far\u00e0 de guia per fer la feina.<\/p>\n<p><span style=\"color: #ff6600\"><strong><u>ANGL\u00c8S<\/u><\/strong>\u00a0<\/span> Toca fer una feina de gram\u00e0tica, per practicar el Should o Shouldn&#8217;t i si no tens prou &#8230;.. tamb\u00e9 hi ha una feina d&#8217;ampliaci\u00f3!!<\/p>\n<p><strong><u><span style=\"color: #339966\">EDUCACI\u00d3 F\u00cdSICA<\/span>:<\/u><\/strong> El Jordi ens fa viatjar pel m\u00f3n, a veure si descobrim nous jocs que puguem compartir en fam\u00edlia.<\/p>\n<p><span style=\"color: #ff00ff\"><strong><u>M\u00daSICA:<\/u><\/strong> <\/span>\u00a0La proposta la trobar\u00e0s a <span style=\"color: #ff00ff\"><strong>petitsgransm\u00fasicsfontfreda.blogspot.com<\/strong><\/span><\/p>\n<p><strong>\u00a0<\/strong><span style=\"color: #0000ff\"><strong><em>-Com sempre et proposem algunes feines d&#8217;ampliaci\u00f3 si tens temps, ganes, i est\u00e0s animat o animada&#8230;\u00a0\u00a0 tan de bo que s\u00ed que ho estiguis.<\/em><\/strong> <\/span>Prova de fer aquest s\u00faper truc matem\u00e0gic!!! a aquells que encara us costen les multis dif\u00edcils us ho recomanem:<\/p>\n<p>Has d&#8217;agafar un n\u00famero diferents al que ha agafat el Gam Tarres que ha agafat el 6. Agafa el 3, 4, 7, 8, 9 etc.\u00a0 A VEURE SI ET SURT!<\/p>\n<p><a href=\"https:\/\/www.youtube.com\/watch?v=KC7hSGYKKOc\">https:\/\/www.youtube.com\/watch?v=KC7hSGYKKOc<\/a><\/p>\n<p>A aquesta direcci\u00f3 hi ha m\u00e9s trucs, agafa una bossa de crispetes i mira&#8217;t alguns, s\u00f3n al\u00b7lucinants!<\/p>\n<p><a href=\"https:\/\/www.youtube.com\/channel\/UCqout937EnNuy5T5wFfkPfg?view_as=subscriber\">https:\/\/www.youtube.com\/channel\/UCqout937EnNuy5T5wFfkPfg?view_as=subscriber<\/a><\/p>\n<p>&nbsp;<\/p>\n<p><strong><span style=\"color: #ff00ff\">SORPRESAAAA<\/span>\u00a0<span style=\"font-family: inherit;font-size: 1em;color: #ff00ff\">AAA!<\/span><\/strong><span style=\"font-family: inherit;font-size: 1em\">Ja heu vist que us adjuntem un s\u00faper recull d&#8217;entreteniments de &#8220;El tricicle&#8221; per si teniu ganes i tinta a l&#8217;impressora! I sin\u00f3, guarda&#8217;l al teu ordinador per l&#8217;estiu, \u00e9s molt xulo!<\/span><\/p>\n","protected":false},"excerpt":{"rendered":"<p>&nbsp;<br \/>\nPROPOSTA DE LA SETMANA DEL 18 AL 24 DE MAIG<br \/>\nIT&#8217;S TIME TO FACE THE PROBLEM!!<br \/>\nMATES: Aquesta setmana us hem preparat uns quants problemes de mates, d&#8217;aquests que de seguida pensareu que s\u00f3n facil\u00edssims, ja veureu!! Els trobareu en el word que adjuntem. Si no el&hellip;  <a href=\"https:\/\/agora.xtec.cat\/ceip-fontfreda\/primaria\/4t\/programacio-del-18-al-24-de-maig-de-2020\/\" title=\"Read PROGRAMACI\u00d3 DEL 18 AL 24 DE MAIG DE 2020\">Llegeix m\u00e9s\u00bb<\/a><\/p>\n","protected":false},"author":1,"featured_media":0,"comment_status":"open","ping_status":"closed","sticky":false,"template":"","format":"standard","meta":{"_bbp_topic_count":0,"_bbp_reply_count":0,"_bbp_total_topic_count":0,"_bbp_total_reply_count":0,"_bbp_voice_count":0,"_bbp_anonymous_reply_count":0,"_bbp_topic_count_hidden":0,"_bbp_reply_count_hidden":0,"_bbp_forum_subforum_count":0,"footnotes":""},"categories":[13],"tags":[],"class_list":["post-6231","post","type-post","status-publish","format-standard","hentry","category-4t"],"post_mailing_queue_ids":[],"_links":{"self":[{"href":"https:\/\/agora.xtec.cat\/ceip-fontfreda\/wp-json\/wp\/v2\/posts\/6231","targetHints":{"allow":["GET"]}}],"collection":[{"href":"https:\/\/agora.xtec.cat\/ceip-fontfreda\/wp-json\/wp\/v2\/posts"}],"about":[{"href":"https:\/\/agora.xtec.cat\/ceip-fontfreda\/wp-json\/wp\/v2\/types\/post"}],"author":[{"embeddable":true,"href":"https:\/\/agora.xtec.cat\/ceip-fontfreda\/wp-json\/wp\/v2\/users\/1"}],"replies":[{"embeddable":true,"href":"https:\/\/agora.xtec.cat\/ceip-fontfreda\/wp-json\/wp\/v2\/comments?post=6231"}],"version-history":[{"count":1,"href":"https:\/\/agora.xtec.cat\/ceip-fontfreda\/wp-json\/wp\/v2\/posts\/6231\/revisions"}],"predecessor-version":[{"id":6233,"href":"https:\/\/agora.xtec.cat\/ceip-fontfreda\/wp-json\/wp\/v2\/posts\/6231\/revisions\/6233"}],"wp:attachment":[{"href":"https:\/\/agora.xtec.cat\/ceip-fontfreda\/wp-json\/wp\/v2\/media?parent=6231"}],"wp:term":[{"taxonomy":"category","embeddable":true,"href":"https:\/\/agora.xtec.cat\/ceip-fontfreda\/wp-json\/wp\/v2\/categories?post=6231"},{"taxonomy":"post_tag","embeddable":true,"href":"https:\/\/agora.xtec.cat\/ceip-fontfreda\/wp-json\/wp\/v2\/tags?post=6231"}],"curies":[{"name":"wp","href":"https:\/\/api.w.org\/{rel}","templated":true}]}}