{"id":6176,"date":"2020-05-11T08:17:17","date_gmt":"2020-05-11T06:17:17","guid":{"rendered":"http:\/\/agora.xtec.cat\/ceip-fontfreda\/?p=6176"},"modified":"2020-05-11T08:17:17","modified_gmt":"2020-05-11T06:17:17","slug":"activitats-per-1r-de-primaria-setmana-5-tercer-trimestre","status":"publish","type":"post","link":"https:\/\/agora.xtec.cat\/ceip-fontfreda\/primaria\/1r\/activitats-per-1r-de-primaria-setmana-5-tercer-trimestre\/","title":{"rendered":"Activitats per 1r de Prim\u00e0ria Setmana 5 Tercer Trimestre"},"content":{"rendered":"<p>Bon dia,<\/p>\n<p>Aqu\u00ed teniu el document pdf amb les propostes d&#8217;activitats per a aquesta setmana!<\/p>\n<p>Una abra\u00e7ada i Salut!<\/p>\n<p>Silvia<\/p>\n<p><a href=\"https:\/\/agora.xtec.cat\/ceip-fontfreda\/wp-content\/uploads\/usu813\/2020\/05\/1rPrim\u00e0riaSetmana5TercerTrimestre.pdf\">1rPrim\u00e0riaSetmana5TercerTrimestre<\/a><\/p>\n","protected":false},"excerpt":{"rendered":"<p>Bon dia,Aqu\u00ed teniu el document pdf amb les propostes d&#8217;activitats per a aquesta setmana!Una abra\u00e7ada i Salut!Silvia1rPrim\u00e0riaSetmana5TercerTrimestre&hellip;  <a href=\"https:\/\/agora.xtec.cat\/ceip-fontfreda\/primaria\/1r\/activitats-per-1r-de-primaria-setmana-5-tercer-trimestre\/\" title=\"Read Activitats per 1r de Prim\u00e0ria Setmana 5 Tercer Trimestre\">Llegeix m\u00e9s\u00bb<\/a><\/p>\n","protected":false},"author":9,"featured_media":0,"comment_status":"open","ping_status":"closed","sticky":false,"template":"","format":"standard","meta":{"_bbp_topic_count":0,"_bbp_reply_count":0,"_bbp_total_topic_count":0,"_bbp_total_reply_count":0,"_bbp_voice_count":0,"_bbp_anonymous_reply_count":0,"_bbp_topic_count_hidden":0,"_bbp_reply_count_hidden":0,"_bbp_forum_subforum_count":0,"footnotes":""},"categories":[10],"tags":[],"class_list":["post-6176","post","type-post","status-publish","format-standard","hentry","category-1r"],"post_mailing_queue_ids":[],"_links":{"self":[{"href":"https:\/\/agora.xtec.cat\/ceip-fontfreda\/wp-json\/wp\/v2\/posts\/6176","targetHints":{"allow":["GET"]}}],"collection":[{"href":"https:\/\/agora.xtec.cat\/ceip-fontfreda\/wp-json\/wp\/v2\/posts"}],"about":[{"href":"https:\/\/agora.xtec.cat\/ceip-fontfreda\/wp-json\/wp\/v2\/types\/post"}],"author":[{"embeddable":true,"href":"https:\/\/agora.xtec.cat\/ceip-fontfreda\/wp-json\/wp\/v2\/users\/9"}],"replies":[{"embeddable":true,"href":"https:\/\/agora.xtec.cat\/ceip-fontfreda\/wp-json\/wp\/v2\/comments?post=6176"}],"version-history":[{"count":1,"href":"https:\/\/agora.xtec.cat\/ceip-fontfreda\/wp-json\/wp\/v2\/posts\/6176\/revisions"}],"predecessor-version":[{"id":6178,"href":"https:\/\/agora.xtec.cat\/ceip-fontfreda\/wp-json\/wp\/v2\/posts\/6176\/revisions\/6178"}],"wp:attachment":[{"href":"https:\/\/agora.xtec.cat\/ceip-fontfreda\/wp-json\/wp\/v2\/media?parent=6176"}],"wp:term":[{"taxonomy":"category","embeddable":true,"href":"https:\/\/agora.xtec.cat\/ceip-fontfreda\/wp-json\/wp\/v2\/categories?post=6176"},{"taxonomy":"post_tag","embeddable":true,"href":"https:\/\/agora.xtec.cat\/ceip-fontfreda\/wp-json\/wp\/v2\/tags?post=6176"}],"curies":[{"name":"wp","href":"https:\/\/api.w.org\/{rel}","templated":true}]}}