{"id":6159,"date":"2020-05-08T12:53:06","date_gmt":"2020-05-08T10:53:06","guid":{"rendered":"http:\/\/agora.xtec.cat\/ceip-fontfreda\/?p=6159"},"modified":"2020-06-11T21:30:45","modified_gmt":"2020-06-11T19:30:45","slug":"preinscripcio-2020-2021","status":"publish","type":"post","link":"https:\/\/agora.xtec.cat\/ceip-fontfreda\/general\/preinscripcio-2020-2021\/","title":{"rendered":"Preinscripci\u00f3 2020-2021"},"content":{"rendered":"<p>A continuaci\u00f3 us adjuntem diferents enlla\u00e7os informatius per a la preinscripci\u00f3 a l&#8217;escola Font Freda.<\/p>\n<ol>\n<li><a href=\"https:\/\/drive.google.com\/file\/d\/11R47zQcNO7qXnx8XDSe77QGWSmM8Csot\/view?usp=sharing\">CALENDARI PREINSCRIPCI\u00d3 20-21<\/a><\/li>\n<li><a href=\"https:\/\/drive.google.com\/file\/d\/1Ywt823eKLfg74If4xTda12nExn_6kX6k\/view?usp=sharing\">COM FER LA PREINSCRIPCI\u00d3 20-21<\/a><\/li>\n<li><a href=\"https:\/\/drive.google.com\/file\/d\/1pRCG4OAhn-JB2mXpdxSlpfKdQsjwEoxz\/view?usp=sharing\">DOCUMENTACI\u00d3 QUE CAL PRESENTAR<\/a><\/li>\n<li><a href=\"https:\/\/drive.google.com\/file\/d\/1Lcx0G640vmudO0BGcfbVCEWfNPAFgW6a\/view?usp=sharing\">BAREMACI\u00d3 20-21<\/a><\/li>\n<li><a href=\"http:\/\/ensenyament.gencat.cat\/ca\/tramits\/tramits-temes\/20483_preinscripcio_escolar?moda=1\">FORMULARI PREINSCRIPCI\u00d3 TELEM\u00c0TICA 20-21<\/a><\/li>\n<\/ol>\n<p><strong>Recordeu<\/strong>, que un cop emplenat el formulari haureu de clicar a enviar, aix\u00f2 us generar\u00e0 un resguard de sol\u00b7licitud.<br \/>\n<strong>Enviar<\/strong> el <strong>resguard<\/strong> i tota la documentaci\u00f3 escanejada o foto al correu electr\u00f2nic<br \/>\n<strong>a8021685@xtec.cat<\/strong> indicant a l\u2019assumpte \u201cPreinscripci\u00f3, nom de l\u2019alumne\/a i el curs\u201d.<\/p>\n<p>6. <a href=\"http:\/\/ensenyament.gencat.cat\/web\/shared\/OVT\/Departaments\/ENS\/TramitOVT\/preinscripcio\/obligatoris\/A42.pdf\">FORMULARI PREINSCRIPCI\u00d3 PRESENCIAL 20-21<\/a><\/p>\n<p><strong>Recordem<\/strong> que en cas de fer la preinscripci\u00f3 de manera <strong>presencial<\/strong>, s&#8217;ha de fer amb cita pr\u00e8via contactant al seg\u00fcent tel\u00e8fon: <strong>618 206 997\u00a0<\/strong><\/p>\n<p>7. <a href=\"https:\/\/drive.google.com\/file\/d\/1izijkt1NG6yHjfghfgkSrHk_pxu2Q2RN\/view?usp=sharing\">EXEMPLE DOCUMENT OMPLERT<\/a><\/p>\n<p>MOLT IMPORTANT NOM\u00c9S ENVIAR LA SOL\u00b7LICITUD A L&#8217;ESCOLA TRIADA COM A PRIMERA OPCI\u00d3.<\/p>\n<p>8. <a href=\"https:\/\/drive.google.com\/file\/d\/1cncaD-rtpUaLO-X5HgyVvWq39a5AKGmw\/view?usp=sharing\">LLISTA DE PUNTUACIONS PROVISIONALS<\/a><\/p>\n<p><span style=\"text-decoration: underline;\"><strong>9. <a href=\"https:\/\/drive.google.com\/file\/d\/1SDxzX0LpiJ0PdG5lEeeDnoj--BBO3Vpq\/view?usp=sharing\">LLISTA DE PUNTUACIONS DEFINITIVES<\/a><\/strong><\/span><\/p>\n","protected":false},"excerpt":{"rendered":"<p>A continuaci\u00f3 us adjuntem diferents enlla\u00e7os informatius per a la preinscripci\u00f3 a l&#8217;escola Font Freda.<\/p>\n<ol>\n<li><a href=\"https:\/\/drive.google.com\/file\/d\/11R47zQcNO7qXnx8XDSe77QGWSmM8Csot\/view?usp=sharing\">CALENDARI PREINSCRIPCI\u00d3 20-21<\/a><\/li>\n<li><a href=\"https:\/\/drive.google.com\/file\/d\/1Ywt823eKLfg74If4xTda12nExn_6kX6k\/view?usp=sharing\">COM FER LA PREINSCRIPCI\u00d3 20-21<\/a><\/li>\n<li><a href=\"https:\/\/drive.google.com\/file\/d\/1pRCG4OAhn-JB2mXpdxSlpfKdQsjwEoxz\/view?usp=sharing\">DOCUMENTACI\u00d3 QUE CAL PRESENTAR<\/a><\/li>\n<li><a href=\"https:\/\/drive.google.com\/file\/d\/1Lcx0G640vmudO0BGcfbVCEWfNPAFgW6a\/view?usp=sharing\">BAREMACI\u00d3 20-21<\/a><\/li>\n<li><a href=\"http:\/\/ensenyament.gencat.cat\/ca\/tramits\/tramits-temes\/20483_preinscripcio_escolar?moda=1\">FORMULARI PREINSCRIPCI\u00d3 TELEM\u00c0TICA 20-21<\/a><\/li>\n<\/ol>\n<p>Recordeu, que un cop emplenat el formulari haureu de clicar a enviar, aix\u00f2&hellip;  <a href=\"https:\/\/agora.xtec.cat\/ceip-fontfreda\/general\/preinscripcio-2020-2021\/\" title=\"Read Preinscripci\u00f3 2020-2021\">Llegeix m\u00e9s\u00bb<\/a><\/p>\n","protected":false},"author":23,"featured_media":0,"comment_status":"open","ping_status":"closed","sticky":false,"template":"","format":"standard","meta":{"_bbp_topic_count":0,"_bbp_reply_count":0,"_bbp_total_topic_count":0,"_bbp_total_reply_count":0,"_bbp_voice_count":0,"_bbp_anonymous_reply_count":0,"_bbp_topic_count_hidden":0,"_bbp_reply_count_hidden":0,"_bbp_forum_subforum_count":0,"footnotes":""},"categories":[1,4],"tags":[],"class_list":["post-6159","post","type-post","status-publish","format-standard","hentry","category-general","category-portada"],"post_mailing_queue_ids":[],"_links":{"self":[{"href":"https:\/\/agora.xtec.cat\/ceip-fontfreda\/wp-json\/wp\/v2\/posts\/6159","targetHints":{"allow":["GET"]}}],"collection":[{"href":"https:\/\/agora.xtec.cat\/ceip-fontfreda\/wp-json\/wp\/v2\/posts"}],"about":[{"href":"https:\/\/agora.xtec.cat\/ceip-fontfreda\/wp-json\/wp\/v2\/types\/post"}],"author":[{"embeddable":true,"href":"https:\/\/agora.xtec.cat\/ceip-fontfreda\/wp-json\/wp\/v2\/users\/23"}],"replies":[{"embeddable":true,"href":"https:\/\/agora.xtec.cat\/ceip-fontfreda\/wp-json\/wp\/v2\/comments?post=6159"}],"version-history":[{"count":3,"href":"https:\/\/agora.xtec.cat\/ceip-fontfreda\/wp-json\/wp\/v2\/posts\/6159\/revisions"}],"predecessor-version":[{"id":6350,"href":"https:\/\/agora.xtec.cat\/ceip-fontfreda\/wp-json\/wp\/v2\/posts\/6159\/revisions\/6350"}],"wp:attachment":[{"href":"https:\/\/agora.xtec.cat\/ceip-fontfreda\/wp-json\/wp\/v2\/media?parent=6159"}],"wp:term":[{"taxonomy":"category","embeddable":true,"href":"https:\/\/agora.xtec.cat\/ceip-fontfreda\/wp-json\/wp\/v2\/categories?post=6159"},{"taxonomy":"post_tag","embeddable":true,"href":"https:\/\/agora.xtec.cat\/ceip-fontfreda\/wp-json\/wp\/v2\/tags?post=6159"}],"curies":[{"name":"wp","href":"https:\/\/api.w.org\/{rel}","templated":true}]}}