{"id":6122,"date":"2020-05-03T23:13:56","date_gmt":"2020-05-03T21:13:56","guid":{"rendered":"http:\/\/agora.xtec.cat\/ceip-fontfreda\/?p=6122"},"modified":"2020-05-03T23:13:56","modified_gmt":"2020-05-03T21:13:56","slug":"3r-trimestre-programacio-setmana-del-4-al-8-de-maig-de-2020","status":"publish","type":"post","link":"https:\/\/agora.xtec.cat\/ceip-fontfreda\/primaria\/4t\/3r-trimestre-programacio-setmana-del-4-al-8-de-maig-de-2020\/","title":{"rendered":"3R.TRIMESTRE PROGRAMACI\u00d3 SETMANA DEL 4 AL 8 DE MAIG DE 2020"},"content":{"rendered":"<h4><span style=\"color: #0000ff\"><strong><u>PROGRAMACI\u00d3 4T :<\/u><\/strong><strong><u>TERCER TRIMESTRE:\u00a0<\/u><\/strong><\/span><\/h4>\n<h4><u> <\/u><span style=\"color: #0000ff\"><strong>DEL DILLUNS 4 DE MAIG AL 8 DE MAIG:<\/strong><\/span><strong>\u00a0<\/strong><\/h4>\n<h4><span style=\"color: #008000\"><strong>TEMA ESCOLLIT:\u00a0\u00a0\u00a0 <\/strong><strong>Investigaci\u00f3 i Medi Ambient<\/strong><\/span><\/h4>\n<p><span style=\"color: #0000ff\"><strong><u>TASQUES DE MATES:<\/u><\/strong><\/span><strong style=\"font-family: inherit;font-size: 1em\">\u00a0<\/strong><\/p>\n<ol>\n<li>Petita fitxa interactiva de c\u00e0lcul mental. Enrecorda&#8217;t de clicar a l&#8217;opci\u00f3 : &#8220;enviar respuestas a mi profesor&#8221; + correu: <span style=\"color: #0000ff\"><a style=\"font-family: inherit;font-size: 1em;color: #0000ff\" href=\"mailto:lcintas@xtec.cat\">lcintas@xtec.cat<\/a><u style=\"font-family: inherit;font-size: 1em\">\u00a0\u00a0\u00a0\u00a0 i\u00a0\u00a0\u00a0\u00a0 caparic5@xtec.cat<\/u><\/span><\/li>\n<\/ol>\n<p><strong><span style=\"color: #0000ff\"><a style=\"color: #0000ff\" href=\"https:\/\/es.liveworksheets.com\/worksheets\/ca\/Matem%C3%A0tiques\/C%C3%A0lcul_mental\/C%C3%A0lcul_Mental_vt189489rf\">https:\/\/es.liveworksheets.com\/worksheets\/ca\/Matem%C3%A0tiques\/C%C3%A0lcul_mental\/C%C3%A0lcul_Mental_vt189489rf<\/a><\/span><\/strong><\/p>\n<ol start=\"2\">\n<li>Mini problemes (document adjunt al correu electr\u00f2nic).<\/li>\n<\/ol>\n<ol start=\"2\">\n<li>\n<h4><strong><u>Tasques globalitzades:\u00a0<\/u><\/strong><\/h4>\n<p><u><\/u><strong><u><span style=\"color: #008000\">I+ D i valors (Medi ambient)<\/span>, <\/u><\/strong><span style=\"color: #ff0000\"><strong><u>lectura en castellano<\/u><\/strong><\/span><strong><u>,<\/u><\/strong><span style=\"color: #ffff00\"><strong><u> comprensi\u00f3 i gram\u00e0tica en catal\u00e0<\/u><\/strong><strong>:<\/strong><\/span><\/li>\n<\/ol>\n<p>Lee el cuento interactivo, ten cuidado al pasar las diapositivas porque en casi todas hay mensajes i textos ocultos. Algunas te las hemos copiado en el documento adjunto para que te sean m\u00e1s f\u00e1ciles de leer. Al final tienes unos ejercicios de comprensi\u00f3n y de gram\u00e0tica en catal\u00e0.<\/p>\n<p>Ho trobar\u00e0s tot a un \u00fanic document adjunt. SI US PLAU SI HO FEU EN FULL EN BOL\u00cdGRAF. <a href=\"mailto:lcintas@xtec.cat\"><strong>lcintas@xtec.cat<\/strong><\/a><strong><u>\u00a0\u00a0\u00a0\u00a0 i\u00a0\u00a0\u00a0\u00a0 <\/u><\/strong><a href=\"mailto:caparic5@xtec.cat\"><strong>caparic5@xtec.cat<\/strong><\/a><\/p>\n<p><span style=\"color: #008000\"><strong><u>I+D:<\/u><\/strong><\/span><\/p>\n<ol>\n<li><strong>Et proposem\u00a0 fer algun dels experiments que t&#8217; adjuntem al PDF que enviem per correu, escull un i <span style=\"color: #008000\">DEMANA AJUDA<\/span> a un adult.<\/strong><\/li>\n<\/ol>\n<p><strong>2. Saps que el proper diumenge \u00e9s el dia del <span style=\"color: #008000\">Let&#8217;s Clean Up!<\/span>? \u00c9s un dia que tots els europeus tenim marcat a l&#8217;agenda per anar a netejar la natura que tenim al tocar de casa. Per\u00f2 ja saps que aquest any no podr\u00e0 ser, encara que ja tenim moltes ganes de passejar per la natura. Doncs, a m\u00e9s de fer els experiments, haur\u00e0s d&#8217;investigar a casa teva quins residus generem i de quin tipus s\u00f3n. Per no descomptar-nos, omplirem una graella. Compte! Aquesta graella la podeu enviar dilluns vinent, per tal que puguis comptar els residus generats durant tota una <\/strong><strong style=\"font-family: inherit;font-size: 1em\">setmana. La tasca la pots trobar a trav\u00e9s d&#8217;aquest enlla\u00e7:<\/strong><\/p>\n<p><strong>\u00a0\u00a0\u00a0 \u00a0<span style=\"color: #0000ff\">\u00a0<\/span><\/strong><span style=\"color: #008000\"><strong>https:\/\/es.liveworksheets.com\/uk348281gb<\/strong><\/span><\/p>\n<ol start=\"3\">\n<li><span style=\"color: #ff00ff\"><strong><u>TASQUES DE M\u00daSICA:<\/u><\/strong><\/span><\/li>\n<\/ol>\n<p><strong>El repte d&#8217;aquesta setmana l&#8217;haureu de fer en fam\u00edlia. Haureu de demostrar que esteu ben compenetrats i enviar una foto a la Judith al seu correu<\/strong> <strong><span style=\"color: #ff00ff\">judithpijuan@fontfreda.cat<\/span>\u00a0de tota la fam\u00edlia tocant algun instrument! Trobar\u00e0s el repte al blog de m\u00fasica. Aqu\u00ed tens l&#8217;enlla\u00e7 \u00a0\u00a0\u00a0\u00a0\u00a0\u00a0\u00a0<\/strong><\/p>\n<p><span style=\"color: #ff00ff\"><a style=\"color: #ff00ff\" href=\"http:\/\/petitsgransmusicsfontfreda.blogspot.com\/p\/propostes.html\"><strong>http:\/\/petitsgransmusicsfontfreda.blogspot.com\/p\/propostes.html<\/strong><\/a><\/span><\/p>\n<ol start=\"4\">\n<li><span style=\"color: #ff6600\"><strong><u> TASQUES D&#8217;<\/u><\/strong><strong><u>ANGL\u00c8S:<\/u><\/strong><\/span><\/li>\n<\/ol>\n<p>Aquesta setmana, les tasques d&#8217;angl\u00e8s estan en un \u00fanic document Word que adjuntem. Vigila, hi ha enlla\u00e7os per practicar el listening!!<\/p>\n<ol start=\"5\">\n<li><span style=\"color: #800080\"><strong><u> TASQUES DE VALORS.<\/u><\/strong><\/span><\/li>\n<\/ol>\n<p>Preguntes de valors relacionats amb un conte, treballant el valor de l&#8217;empatia. SI US PLAU SI HO FEU EN FULL QUE SIGUI EN BOL\u00cdGRAF. Ho trobar\u00e0s en un \u00fanic document adjunt. La resposta l&#8217;haur\u00e0s d&#8217;enviar a\u00a0<span style=\"color: #800080\"><a style=\"color: #800080\" href=\"mailto:lcintas@xtec.cat\">lcintas@xtec.cat<\/a><u>\u00a0\u00a0\u00a0\u00a0 i\u00a0\u00a0\u00a0\u00a0 caparic5@xtec.<\/u><\/span><\/p>\n<ol start=\"6\">\n<li><span style=\"color: #993300\"><strong><u> TASQUES D&#8217;EDUCACI\u00d3 F\u00cdSICA:<\/u><\/strong><\/span><\/li>\n<\/ol>\n<p><strong>El Jordi, mestre d&#8217;Educaci\u00f3 F\u00edsica, \u00a0vol que feu una feina mooolt interessant sobre la vostra alimentaci\u00f3. Ho fas de forma saludable? Ara ho descobrir\u00e0s! Aquesta feina tamb\u00e9 est\u00e0 en un Word, i l&#8217;haur\u00e0s d&#8217;acompanyar d&#8217;una activitat de lleure. Ja saps que la resposta d&#8217;aquesta feina l&#8217;has d&#8217;enviar al correu <\/strong><span style=\"color: #993300\"><a style=\"color: #993300\" href=\"mailto:jordilopez@fontfreda.cat\">jordilopez@fontfreda.cat<\/a><\/span><\/p>\n<p><span style=\"color: #008000\"><strong>\u00a0<\/strong><strong style=\"font-family: inherit;font-size: 1em\"><u>AMPLIACI\u00d3 volunt\u00e0ria !!!:<\/u><\/strong><\/span><\/p>\n<p><strong>DOCUMENT D&#8217;AMPLIACI\u00d3. Adjunt en el correu electr\u00f2nic que us hem enviat.<\/strong><\/p>\n<p><strong>No us el perdeu, \u00e9s molt interessant i parla, com no, de la natura&#8230;<\/strong><\/p>\n<h3><span style=\"color: #993366\"><strong><u>RESUM:<\/u><\/strong><\/span><\/h3>\n<p><span style=\"color: #0000ff\"><strong>MATES:<\/strong><\/span> Dues tasques, 1 de c\u00e0lcul mental (interactiva, l&#8217;enlla\u00e7 est\u00e0 a la web) i l&#8217;altra de problemes<\/p>\n<p><span style=\"color: #ffff00\"><strong>CATAL\u00c0:<\/strong><\/span>\u00a0 Feina de gram\u00e0tica. Haur\u00e0s de repassar els conceptes que hem treballar durant el curs: Nom, oracions, adjectius&#8230; I una comprensi\u00f3 lectora<\/p>\n<p><strong><span style=\"color: #ff0000\">CASTELLANO:<\/span>\u00a0 <\/strong>Comprensi\u00f3n lectora + Valors<\/p>\n<p><strong><span style=\"color: #ff6600\">ANGL\u00c8S:<\/span> Unit 5. <\/strong>Listening exercises and more &#8230;<\/p>\n<p><span style=\"color: #993300\"><strong>EDUCACI\u00d3 F\u00cdSICA: <\/strong><\/span>Pir\u00e0mide d&#8217;alimentaci\u00f3 i activitat de lleure<\/p>\n<p><span style=\"color: #008000\"><strong>I + D: <\/strong><\/span>Fer un experiment i recollir dades dels residus que es fan a casa teva (fitxa interactiva, amb enlla\u00e7 a la web). Tasca\u00a0\u00a0\u00a0\u00a0 d&#8217;ampliaci\u00f3.<\/p>\n<p><span style=\"color: #ff00ff\"><strong>M\u00daSICA: <\/strong><\/span>Repte familiar que trobar\u00e0s al blog de m\u00fasica.<\/p>\n<p>&nbsp;<\/p>\n<p><strong>\u00a0<\/strong><\/p>\n<p>&nbsp;<\/p>\n","protected":false},"excerpt":{"rendered":"<p>PROGRAMACI\u00d3 4T :TERCER TRIMESTRE:\u00a0<br \/>\n DEL DILLUNS 4 DE MAIG AL 8 DE MAIG:\u00a0<br \/>\nTEMA ESCOLLIT:\u00a0\u00a0\u00a0 Investigaci\u00f3 i Medi Ambient<br \/>\nTASQUES DE MATES:\u00a0<\/p>\n<ol>\n<li>Petita fitxa interactiva de c\u00e0lcul mental. Enrecorda&#8217;t de clicar a l&#8217;opci\u00f3 : &#8220;enviar respuestas a mi profesor&#8221; + correu: <a style=\"font-family: inherit;font-size: 1em;color: #0000ff\" href=\"mailto:lcintas@xtec.cat\">lcintas@xtec.cat<\/a>\u00a0\u00a0\u00a0\u00a0 i\u00a0\u00a0\u00a0\u00a0&hellip;  <a href=\"https:\/\/agora.xtec.cat\/ceip-fontfreda\/primaria\/4t\/3r-trimestre-programacio-setmana-del-4-al-8-de-maig-de-2020\/\" title=\"Read 3R.TRIMESTRE PROGRAMACI\u00d3 SETMANA DEL 4 AL 8 DE MAIG DE 2020\">Llegeix m\u00e9s\u00bb<\/a><br \/>\n","protected":false},"author":1,"featured_media":0,"comment_status":"open","ping_status":"closed","sticky":false,"template":"","format":"standard","meta":{"_bbp_topic_count":0,"_bbp_reply_count":0,"_bbp_total_topic_count":0,"_bbp_total_reply_count":0,"_bbp_voice_count":0,"_bbp_anonymous_reply_count":0,"_bbp_topic_count_hidden":0,"_bbp_reply_count_hidden":0,"_bbp_forum_subforum_count":0,"footnotes":""},"categories":[13],"tags":[],"class_list":["post-6122","post","type-post","status-publish","format-standard","hentry","category-4t"],"post_mailing_queue_ids":[],"_links":{"self":[{"href":"https:\/\/agora.xtec.cat\/ceip-fontfreda\/wp-json\/wp\/v2\/posts\/6122","targetHints":{"allow":["GET"]}}],"collection":[{"href":"https:\/\/agora.xtec.cat\/ceip-fontfreda\/wp-json\/wp\/v2\/posts"}],"about":[{"href":"https:\/\/agora.xtec.cat\/ceip-fontfreda\/wp-json\/wp\/v2\/types\/post"}],"author":[{"embeddable":true,"href":"https:\/\/agora.xtec.cat\/ceip-fontfreda\/wp-json\/wp\/v2\/users\/1"}],"replies":[{"embeddable":true,"href":"https:\/\/agora.xtec.cat\/ceip-fontfreda\/wp-json\/wp\/v2\/comments?post=6122"}],"version-history":[{"count":1,"href":"https:\/\/agora.xtec.cat\/ceip-fontfreda\/wp-json\/wp\/v2\/posts\/6122\/revisions"}],"predecessor-version":[{"id":6123,"href":"https:\/\/agora.xtec.cat\/ceip-fontfreda\/wp-json\/wp\/v2\/posts\/6122\/revisions\/6123"}],"wp:attachment":[{"href":"https:\/\/agora.xtec.cat\/ceip-fontfreda\/wp-json\/wp\/v2\/media?parent=6122"}],"wp:term":[{"taxonomy":"category","embeddable":true,"href":"https:\/\/agora.xtec.cat\/ceip-fontfreda\/wp-json\/wp\/v2\/categories?post=6122"},{"taxonomy":"post_tag","embeddable":true,"href":"https:\/\/agora.xtec.cat\/ceip-fontfreda\/wp-json\/wp\/v2\/tags?post=6122"}],"curies":[{"name":"wp","href":"https:\/\/api.w.org\/{rel}","templated":true}]}}