{"id":6105,"date":"2020-04-27T08:44:58","date_gmt":"2020-04-27T06:44:58","guid":{"rendered":"http:\/\/agora.xtec.cat\/ceip-fontfreda\/?p=6105"},"modified":"2020-04-27T08:45:15","modified_gmt":"2020-04-27T06:45:15","slug":"actividades-para-1o-semana-3-tercer-trimstre","status":"publish","type":"post","link":"https:\/\/agora.xtec.cat\/ceip-fontfreda\/primaria\/1r\/actividades-para-1o-semana-3-tercer-trimstre\/","title":{"rendered":"Actividades para 1\u00ba Semana 3 Tercer Trimestre"},"content":{"rendered":"<p>Buenos d\u00edas,<\/p>\n<p>A continuaci\u00f3n ten\u00e9is un documento pdf con las propuestas de actividades para esta semana!<\/p>\n<p>\u00c1nimos y Salud!<\/p>\n<p><a href=\"https:\/\/agora.xtec.cat\/ceip-fontfreda\/wp-content\/uploads\/usu813\/2020\/04\/1\u00baPrim\u00e1riaSemana3TercerTrimestre.pdf\">1\u00baPrim\u00e1riaSemana3TercerTrimestre<\/a><\/p>\n<p>&nbsp;<\/p>\n","protected":false},"excerpt":{"rendered":"<p>Buenos d\u00edas,A continuaci\u00f3n ten\u00e9is un documento pdf con las propuestas de actividades para esta semana!\u00c1nimos y Salud!1\u00baPrim\u00e1riaSemana3TercerTrimestre&hellip;  <a href=\"https:\/\/agora.xtec.cat\/ceip-fontfreda\/primaria\/1r\/actividades-para-1o-semana-3-tercer-trimstre\/\" title=\"Read Actividades para 1\u00ba Semana 3 Tercer Trimestre\">Llegeix m\u00e9s\u00bb<\/a><\/p>\n","protected":false},"author":9,"featured_media":0,"comment_status":"open","ping_status":"closed","sticky":false,"template":"","format":"standard","meta":{"_bbp_topic_count":0,"_bbp_reply_count":0,"_bbp_total_topic_count":0,"_bbp_total_reply_count":0,"_bbp_voice_count":0,"_bbp_anonymous_reply_count":0,"_bbp_topic_count_hidden":0,"_bbp_reply_count_hidden":0,"_bbp_forum_subforum_count":0,"footnotes":""},"categories":[10],"tags":[],"class_list":["post-6105","post","type-post","status-publish","format-standard","hentry","category-1r"],"post_mailing_queue_ids":[],"_links":{"self":[{"href":"https:\/\/agora.xtec.cat\/ceip-fontfreda\/wp-json\/wp\/v2\/posts\/6105","targetHints":{"allow":["GET"]}}],"collection":[{"href":"https:\/\/agora.xtec.cat\/ceip-fontfreda\/wp-json\/wp\/v2\/posts"}],"about":[{"href":"https:\/\/agora.xtec.cat\/ceip-fontfreda\/wp-json\/wp\/v2\/types\/post"}],"author":[{"embeddable":true,"href":"https:\/\/agora.xtec.cat\/ceip-fontfreda\/wp-json\/wp\/v2\/users\/9"}],"replies":[{"embeddable":true,"href":"https:\/\/agora.xtec.cat\/ceip-fontfreda\/wp-json\/wp\/v2\/comments?post=6105"}],"version-history":[{"count":2,"href":"https:\/\/agora.xtec.cat\/ceip-fontfreda\/wp-json\/wp\/v2\/posts\/6105\/revisions"}],"predecessor-version":[{"id":6108,"href":"https:\/\/agora.xtec.cat\/ceip-fontfreda\/wp-json\/wp\/v2\/posts\/6105\/revisions\/6108"}],"wp:attachment":[{"href":"https:\/\/agora.xtec.cat\/ceip-fontfreda\/wp-json\/wp\/v2\/media?parent=6105"}],"wp:term":[{"taxonomy":"category","embeddable":true,"href":"https:\/\/agora.xtec.cat\/ceip-fontfreda\/wp-json\/wp\/v2\/categories?post=6105"},{"taxonomy":"post_tag","embeddable":true,"href":"https:\/\/agora.xtec.cat\/ceip-fontfreda\/wp-json\/wp\/v2\/tags?post=6105"}],"curies":[{"name":"wp","href":"https:\/\/api.w.org\/{rel}","templated":true}]}}