{"id":6091,"date":"2020-04-26T20:26:15","date_gmt":"2020-04-26T18:26:15","guid":{"rendered":"http:\/\/agora.xtec.cat\/ceip-fontfreda\/?p=6091"},"modified":"2020-04-26T21:01:23","modified_gmt":"2020-04-26T19:01:23","slug":"feines-setmana-del-27-dabril-a-l1-de-maig","status":"publish","type":"post","link":"https:\/\/agora.xtec.cat\/ceip-fontfreda\/primaria\/4t\/feines-setmana-del-27-dabril-a-l1-de-maig\/","title":{"rendered":"FEINES SETMANA DEL 27 D&#8217;ABRIL A L&#8217;1 DE MAIG"},"content":{"rendered":"<p style=\"text-align: justify\"><span style=\"color: #800080\">Holaaaa classe de Futbol\u00edsimos i de Mascotes 2!, per fi podeu sortir de casa nois i noies, per\u00f2 PLEASE, pel b\u00e9 de tots no sortiu m\u00e9s del necessari, no jugueu de prop amb altres nens i nenes (una mica de dist\u00e0ncia \ud83d\ude41 ) i porteu mascaretes&#8230; penseu que HEU FET I HEM FET un esfor\u00e7 grand\u00edssim amb aquest confinament i no volem que per culpa de saltar-nos les recomanacions, hi hagi m\u00e9s gent que es posi malalta, esteu d&#8217;acord?\u00a0 \u00a01 HORA i a gaudir d&#8217;aquesta estoneta guap@s!<\/span><\/p>\n<p style=\"text-align: justify\"><span style=\"color: #800080\">Aquesta setmana les tasques s\u00f3n divertides perqu\u00e8 divendres \u00e9s 1 de Maig, el dia del treballador i, sabeu qu\u00e8? si estigu\u00e9ssim al cole el dijous tamb\u00e9 el tindr\u00edem de festa perqu\u00e8 era dia de lliure disposici\u00f3 del nostre cole.<\/span><\/p>\n<p><span style=\"color: #800080\"><span style=\"color: #993366\">I, per \u00faltim, recordar-vos que aquest diumenge \u00e9s un dia especial&#8230;<\/span><\/span><\/p>\n<p>CLICKA A:<\/p>\n<p><a href=\"https:\/\/agora.xtec.cat\/ceip-fontfreda\/wp-content\/uploads\/usu813\/2020\/04\/PROGRAMACI\u00d3-Covid-19-6.-3r-trimestre.odt\"><span style=\"color: #00ff00\">PROGRAMACI\u00d3 Covid-19 6. (3r trimestre)<\/span><\/a><\/p>\n<p style=\"text-align: justify\"><iframe loading=\"lazy\" src=\"\/\/giphy.com\/embed\/xT5LMXkxegtVl9LlLi\" width=\"480\" height=\"364\" frameborder=\"0\"><\/iframe><\/p>\n<p><span style=\"color: #800080\"><span style=\"color: #993366\">I, per \u00faltim, recordar-vos que aquest diumenge \u00e9s un dia especial&#8230;<\/span><\/span><\/p>\n<p><span style=\"color: #993366\">\u00a0 \u00a0 \u00a0 \u00a0 \u00a0\u00a0<\/span><\/p>\n<p>&nbsp;<\/p>\n<p><span style=\"color: #993366\"> \u00a0 \u00a0 \u00a0 \u00a0 \u00a0 \u00a0 \u00a0 <\/span><\/p>\n","protected":false},"excerpt":{"rendered":"<p>Holaaaa classe de Futbol\u00edsimos i de Mascotes 2!, per fi podeu sortir de casa nois i noies, per\u00f2 PLEASE, pel b\u00e9 de tots no sortiu m\u00e9s del necessari, no jugueu de prop amb altres nens i nenes (una mica de dist\u00e0ncia \ud83d\ude41 ) i porteu&hellip;  <a href=\"https:\/\/agora.xtec.cat\/ceip-fontfreda\/primaria\/4t\/feines-setmana-del-27-dabril-a-l1-de-maig\/\" title=\"Read FEINES SETMANA DEL 27 D&#8217;ABRIL A L&#8217;1 DE MAIG\">Llegeix m\u00e9s\u00bb<\/a><\/p>\n","protected":false},"author":1,"featured_media":0,"comment_status":"open","ping_status":"closed","sticky":false,"template":"","format":"standard","meta":{"_bbp_topic_count":0,"_bbp_reply_count":0,"_bbp_total_topic_count":0,"_bbp_total_reply_count":0,"_bbp_voice_count":0,"_bbp_anonymous_reply_count":0,"_bbp_topic_count_hidden":0,"_bbp_reply_count_hidden":0,"_bbp_forum_subforum_count":0,"footnotes":""},"categories":[13],"tags":[],"class_list":["post-6091","post","type-post","status-publish","format-standard","hentry","category-4t"],"post_mailing_queue_ids":[],"_links":{"self":[{"href":"https:\/\/agora.xtec.cat\/ceip-fontfreda\/wp-json\/wp\/v2\/posts\/6091","targetHints":{"allow":["GET"]}}],"collection":[{"href":"https:\/\/agora.xtec.cat\/ceip-fontfreda\/wp-json\/wp\/v2\/posts"}],"about":[{"href":"https:\/\/agora.xtec.cat\/ceip-fontfreda\/wp-json\/wp\/v2\/types\/post"}],"author":[{"embeddable":true,"href":"https:\/\/agora.xtec.cat\/ceip-fontfreda\/wp-json\/wp\/v2\/users\/1"}],"replies":[{"embeddable":true,"href":"https:\/\/agora.xtec.cat\/ceip-fontfreda\/wp-json\/wp\/v2\/comments?post=6091"}],"version-history":[{"count":3,"href":"https:\/\/agora.xtec.cat\/ceip-fontfreda\/wp-json\/wp\/v2\/posts\/6091\/revisions"}],"predecessor-version":[{"id":6096,"href":"https:\/\/agora.xtec.cat\/ceip-fontfreda\/wp-json\/wp\/v2\/posts\/6091\/revisions\/6096"}],"wp:attachment":[{"href":"https:\/\/agora.xtec.cat\/ceip-fontfreda\/wp-json\/wp\/v2\/media?parent=6091"}],"wp:term":[{"taxonomy":"category","embeddable":true,"href":"https:\/\/agora.xtec.cat\/ceip-fontfreda\/wp-json\/wp\/v2\/categories?post=6091"},{"taxonomy":"post_tag","embeddable":true,"href":"https:\/\/agora.xtec.cat\/ceip-fontfreda\/wp-json\/wp\/v2\/tags?post=6091"}],"curies":[{"name":"wp","href":"https:\/\/api.w.org\/{rel}","templated":true}]}}