{"id":6005,"date":"2020-04-19T20:53:58","date_gmt":"2020-04-19T18:53:58","guid":{"rendered":"http:\/\/agora.xtec.cat\/ceip-fontfreda\/?p=6005"},"modified":"2020-04-20T11:37:39","modified_gmt":"2020-04-20T09:37:39","slug":"programacio-setmana-del-20-al-24-dabril","status":"publish","type":"post","link":"https:\/\/agora.xtec.cat\/ceip-fontfreda\/primaria\/4t\/programacio-setmana-del-20-al-24-dabril\/","title":{"rendered":"PROGRAMACI\u00d3 SETMANA DEL 20 AL 24 D&#8217;ABRIL"},"content":{"rendered":"<p>&nbsp;<\/p>\n<p><span style=\"color: #ff0000;\">SETMANA\u00a0<strong>\u00a0<\/strong>DE SANT JORDI!!<\/span><\/p>\n<p><a href=\"https:\/\/agora.xtec.cat\/ceip-fontfreda\/wp-content\/uploads\/usu813\/2020\/04\/mrwonderful_santjordi_2015_contigo.jpg\"><img loading=\"lazy\" decoding=\"async\" class=\"alignnone size-full wp-image-6006\" src=\"https:\/\/agora.xtec.cat\/ceip-fontfreda\/wp-content\/uploads\/usu813\/2020\/04\/mrwonderful_santjordi_2015_contigo.jpg\" alt=\"\" width=\"400\" height=\"400\" \/><\/a><a href=\"https:\/\/agora.xtec.cat\/ceip-fontfreda\/wp-content\/uploads\/usu813\/2020\/04\/mrwonderful_santjordi_2015_dragonmajete.jpg\"><img loading=\"lazy\" decoding=\"async\" class=\"alignnone size-full wp-image-6007\" src=\"https:\/\/agora.xtec.cat\/ceip-fontfreda\/wp-content\/uploads\/usu813\/2020\/04\/mrwonderful_santjordi_2015_dragonmajete.jpg\" alt=\"\" width=\"400\" height=\"400\" \/><\/a><\/p>\n<p><span style=\"color: #0000ff;\"><strong><u>PROGRAMACI\u00d3 4T\u00a0\u00a0<\/u><\/strong><strong>SEGON TRIMESTRE\u00a0<\/strong><\/span><\/p>\n<p><span style=\"color: #0000ff;\"><strong>DEL DILLUNS 20 D&#8217;ABRIL AL DIVENDRES 24 D&#8217;ABRIL:<\/strong><\/span><\/p>\n<p><span style=\"color: #0000ff;\"><strong>TEMA ESCOLLIT COM A CENTRE D&#8217;INTER\u00c8S: <\/strong><\/span><span style=\"color: #ff0000;\"><strong>SANT JORDI<\/strong><\/span><\/p>\n<p><span style=\"color: #333399;\">Metodologia:<\/span><\/p>\n<p>-Feines interactives<\/p>\n<p>-Feines a la llibreta o full.<\/p>\n<p>-Propostes variades dels especialistes (E.F. i M\u00fasica i Angl\u00e8s)<\/p>\n<p><em>I RECORDEU 4RTS! Si alguna fam\u00edlia no t\u00e9 ordinador les feines interactives les tutores li enviem per foto als pares i les podeu fer a un full, d&#8217;acord? cap problema!<\/em><\/p>\n<p><span style=\"color: #0000ff;\"><strong><u>TASQUES DE MATES:<\/u><\/strong><\/span><\/p>\n<p>Aquesta setmana us alliberem de les feines de Mates!!<\/p>\n<p><span style=\"color: #ffff00;\"><strong><u>TASQUES DE CATAL\u00c0:<\/u><\/strong><\/span><\/p>\n<p>Ja sabeu que encara que estem confinats, aquesta setmana celebrem Sant Jordi, i com podem celebrar un Sant Jordi sense poemes?? Doncs hem trobat una soluci\u00f3 que segur que us encantar\u00e0.\u00a0 Farem Cal\u00b7ligrames!! I que \u00e9s aix\u00f2? La resposta la trobar\u00e0s en el seg\u00fcent enlla\u00e7, per\u00f2 b\u00e0sicament es tracta de dibuixar alguna cosa amb un poema. El document ensenya a un nen dibuixant un drac, per\u00f2 nom\u00e9s \u00e9s un exemple, deixa volar\u00a0 la teva imaginaci\u00f3!!<\/p>\n<p><a href=\"https:\/\/es.liveworksheets.com\/xp224912ny\"><span style=\"color: #3366ff;\"><strong>https:\/\/es.liveworksheets.com\/xp224912ny<\/strong><\/span><\/a><\/p>\n<p>Tamb\u00e9 hem preparat una sopa de lletres de Sant Jordi. Mira de trobar les paraules encara que no puguis imprimir-la. Segur que t&#8217;ho passes d&#8217;all\u00f2 m\u00e9s b\u00e9. La trobar\u00e0s en aquest enlla\u00e7:<\/p>\n<p><a href=\"https:\/\/es.liveworksheets.com\/xt223595dq\"><span style=\"color: #3366ff;\"><strong><u>https:\/\/es.liveworksheets.com\/xt223595dq<\/u><\/strong><\/span><\/a><\/p>\n<p><span style=\"color: #ff0000;\"><strong><u>TASQUES CASTELLANO:<\/u><\/strong><\/span><\/p>\n<p>Escucha el audio de la Leyenda de San Jorge en la siguiente web, cuando se abra ten paciencia hasta que se descarga, una vez que la p\u00e1gina deje de &#8220;pensar&#8221;,\u00a0 busca abajo a la derecha:<\/p>\n<p>Descargar en tu PC:<\/p>\n<ul>\n<li>Haz clic con el bot\u00f3n derecho de tu rat\u00f3n en el bot\u00f3n naranja &#8220;Descargar en\u00a0 PC&#8221;<\/li>\n<li>Selecciona guardar enlace como&#8230; <span style=\"color: #ff6600;\"><strong>DESCARGAR EN PC<\/strong><\/span><\/li>\n<\/ul>\n<p>EN LETRAS NARANJAS Y DESC\u00c1RGATELO. Espera hasta que se te cargue y b\u00fascalo en tu ordenador.<\/p>\n<p>Cuando empiece a sonar,&#8230;. \u00a1 Importante ! Escucha s\u00f3lo:\u00a0 <span style=\"color: #ff6600;\">Desde el minuto 5:40 hasta el minuto 15. 58 que es donde empieza y acaba la historia.<\/span><\/p>\n<p>A la vez tendr\u00e1s que abrir la ficha interactiva de comprensi\u00f3n oral y responder las preguntas. Ves parando la\u00a0 audici\u00f3n para escuchar con calma.<\/p>\n<p>-Enlace audio:<\/p>\n<p><strong><span style=\"color: #3366ff;\"><a style=\"color: #3366ff;\" href=\"https:\/\/www.ivoox.com\/san-jorge-dragon-popular-16-58-min-audios-mp3_rf_10978412_1.html?autoplay=true\">https:\/\/www.ivoox.com\/san-jorge-dragon-popular-16-58-min-audios-mp3_rf_10978412_1.html?autoplay=true<\/a><\/span>\u00a0<\/strong><\/p>\n<p>-Enlace ficha interactiva:<\/p>\n<p><a href=\"https:\/\/es.liveworksheets.com\/te214373zc\"><span style=\"color: #3366ff;\"><strong>https:\/\/es.liveworksheets.com\/te214373zc<\/strong><\/span><\/a><\/p>\n<p><span style=\"color: #ff0000;\"><strong><u>CASTELLANO <\/u><\/strong><span style=\"color: #ffff00;\"><strong><u>O CATAL\u00c0 <\/u><\/strong><\/span><\/span><span style=\"color: #ff00ff;\"><strong><u>I PL\u00c0STICA!<\/u><\/strong><\/span><\/p>\n<p>Record\u00e1is que algunos de vosotros no pudisteis acabar vuestros poemas de Sant Jordi? No pasa nada, porque las maestras sabemos que ten\u00e9is un talento estupendo para la poes\u00eda.<\/p>\n<p>Para celebrar Sant Jordi, desde el \u00e1rea de Castellano os proponemos hacer una creaci\u00f3n diferente (nooo os asust\u00e9is, no es un poema como el que hicimos), esta vez es un \u00a1HAIKU!, un poema originario de Jap\u00f3n s\u00faper f\u00e1cil, especial y lleno de sentimiento.<\/p>\n<p>El haiku es un g\u00e9nero po\u00e9tico de origen japon\u00e9s. Los haikus se escriben, seg\u00fan la tradici\u00f3n, en <strong>tres versos sin rima, de 5, 7 y 5 s\u00edlabas<\/strong>, respectivamente. Suelen hacer referencia a escenas de la naturaleza o de la vida cotidiana, y a menudo incluyen una referencia a una \u00e9poca o momento del a\u00f1o (kigo).<\/p>\n<p>A continuaci\u00f3n tienes algunos ejemplos de este tipo de poes\u00eda.<\/p>\n<p>El primero es uno de Matsuo Basho (1644-1694). Matsuo Basho est\u00e1 considerado el padre del g\u00e9nero.<\/p>\n<p><span style=\"color: #339966;\"><strong>Noche sin luna. (<span style=\"color: #ff6600;\">No-che sin\u00a0 lu-na: 5 s\u00edlabas<\/span>)<br \/>\nLa tempestad estruja (<span style=\"color: #ff6600;\">La tem-pes-tad\u00a0 es-tru-ja: 7 s\u00edlabas<\/span>)<br \/>\nlos viejos cedros. (<span style=\"color: #ff6600;\">Los\u00a0 vie-jos\u00a0 ce-dros: 5 s\u00edlabas<\/span>)<\/strong><\/span><\/p>\n<p>El que sigue es un haiku de uno de sus disc\u00edpulos, Yosa Buson (1716-1784)<\/p>\n<p><span style=\"color: #339966;\"><strong>Pas\u00f3 el ayer,<\/strong><\/span><\/p>\n<p><span style=\"color: #339966;\"><strong style=\"font-family: inherit; font-size: 1em;\">pas\u00f3 tambi\u00e9n el hoy;\u00a0<\/strong><\/span><\/p>\n<p><span style=\"color: #339966;\"><strong>se va la primavera.<\/strong><\/span><\/p>\n<p>Pasamos ya a los autores occidentales (<strong>nosotros estamos en occidente<\/strong>).<\/p>\n<p>El que sigue es uno del <strong>argentino<\/strong> Jorge Luis Borges (1899-1986):<\/p>\n<p><span style=\"color: #339966;\"><strong>\u00bfEs un imperio<br \/>\nesa luz que se apaga<br \/>\no una luci\u00e9rnaga?<\/strong><\/span><\/p>\n<p>Turno ahora del <strong>mexicano<\/strong> Octavio Paz (1914-1998):<\/p>\n<p><span style=\"color: #339966;\"><strong>Hecho de aire<br \/>\nentre pinos y rocas<br \/>\nbrota el poema.<\/strong><\/span><\/p>\n<p>Ya para acabar, uno del <strong>uruguayo<\/strong> Mario Benedetti (1920-2009):<\/p>\n<p><span style=\"color: #339966;\"><strong>Tiembla el roc\u00edo<br \/>\ny las hojas moradas<br \/>\ny un colibr\u00ed<\/strong><\/span><\/p>\n<p>Mira estos enlaces para hacer el tuyo<\/p>\n<p>1 \u00a0 &#8211;<a href=\"https:\/\/agora.xtec.cat\/escolaelsarenys\/wp-content\/uploads\/usu1978\/2020\/04\/HAIKUS.pdf\">https:\/\/agora.xtec.cat\/escolaelsarenys\/wp-content\/uploads\/usu1978\/2020\/04\/HAIKUS.pdf<\/a><\/p>\n<p>2 \u00a0 &#8211;<a href=\"https:\/\/www.youtube.com\/watch?v=IjFRLazMkEo\">https:\/\/www.youtube.com\/watch?v=IjFRLazMkEo<\/a><\/p>\n<p>3\u00a0 &#8211;<a href=\"https:\/\/www.youtube.com\/watch?v=JnpqrTEmmgw\">https:\/\/www.youtube.com\/watch?v=JnpqrTEmmgw<\/a> (mira&#8217;t l&#8217;explicaci\u00f3 final!)<\/p>\n<p>4\u00a0 &#8211;<a href=\"https:\/\/www.youtube.com\/watch?v=tJy3KjPqCjQ\">https:\/\/www.youtube.com\/watch?v=tJy3KjPqCjQ<\/a>\u00a0<strong>\u00a0<\/strong><\/p>\n<p><strong>T\u00c1GRADEN????\u00a0 \u00a0 \u00bfTE GUSTAN?\u00a0<\/strong><\/p>\n<p><strong>CONSTRUYE UNO O VARIOS<\/strong><strong>, HAZ UN DIBUJO, RECORTA UNA IMAGEN DE UNA REVISTA O PEGA UNA IMAGEN DE INTERNET&#8230; QUE ACOMPA\u00d1E TU CREACI\u00d3N ART\u00cdSTICA\u00a0 \u00a0 \u00a0 \u00a0 \u00a0 \u00a0 \u00a0 \u00a0 \u00a0 \u00a0 \u00a0 \u00a0\u00a0<\/strong><\/p>\n<p><strong>\u00a0<\/strong><strong>Recuerda las normas:<\/strong><\/p>\n<p><strong>-3 L\u00cdNEAS\u00a0<\/strong><\/p>\n<p><strong>-SIN \u00a0RIMA\u00a0<\/strong><\/p>\n<p><strong>-ESCRITO EN PRESENTE\u00a0<\/strong><\/p>\n<p><strong>-HABLA DE LA NATURALEZA<\/strong><\/p>\n<p><strong>-EST\u00c1N DECORADOS CON DIBUJOS O IM\u00c1GENES<\/strong><\/p>\n<ul>\n<li><strong>1R VERSO) 2 &#8211; 3 PALABRAS (5 s\u00edlabas!!)<\/strong><\/li>\n<li><strong>2N VERSO) 3 &#8211; 4 PALABRAS (7 s\u00edlabas!!)<\/strong><\/li>\n<li><strong>3R VERSO) 2 &#8211; 3 PALABRAS\u00a0 (5 s\u00edlabas!!!)<\/strong><\/li>\n<\/ul>\n<p>&nbsp;<\/p>\n<p><strong>-Exemples de paraules\/Ejemplos de palabras: EL MAR, EL CEL, LES PLANTES, ELS OCELLS, VOLCANS, LES TEMPESTES&#8230;<\/strong><\/p>\n<p><strong>Com sabem que us interessa molt tot el que \u00e9s japon\u00e8s, tamb\u00e9 pengem un document que parla nom\u00e9s dels Haikus, per si voleu aprofundir en el tema.<\/strong><\/p>\n<p><a href=\"https:\/\/agora.xtec.cat\/ceip-fontfreda\/wp-content\/uploads\/usu813\/2020\/04\/AMPLIACI\u00d3-C\u00f3mo-hacer-un-haiku-per-CM.pdf\">AMPLIACI\u00d3 C\u00f3mo hacer un haiku per CM<\/a><\/p>\n<p><strong><span style=\"color: #ff00ff;\"><u>M\u00c9S PL\u00c0STICA: <\/u><\/span><\/strong><\/p>\n<p>Per si t&#8217;animes, tamb\u00e9 pengem punts de llibre del Mr. Wonderful, que haur\u00e0s d&#8217;imprimir i acabar de dibuixar i pintar, per\u00f2 quin Sant Jordi seria si no hi hagu\u00e9s punt de llibre?<\/p>\n<p><a href=\"https:\/\/agora.xtec.cat\/ceip-fontfreda\/wp-content\/uploads\/usu813\/2020\/04\/Marcap\u00e1ginas-Sant-Jordi-DEF-Castellano-1.pdf\">Marcap\u00e1ginas-Sant-Jordi-DEF-Castellano (1)<\/a><\/p>\n<p><a href=\"https:\/\/agora.xtec.cat\/ceip-fontfreda\/wp-content\/uploads\/usu813\/2020\/04\/Marcap\u00e1ginas-Sant-Jordi-DEF-Catal\u00e0-2.pdf\">Marcap\u00e1ginas-Sant-Jordi-DEF-Catal\u00e0 (2)<\/a><\/p>\n<p><span style=\"color: #800080;\">\u00a0<strong><u>TASQUES DE M\u00daSICA i EDUCACI\u00d3 F\u00cdSICA<\/u><\/strong><\/span><strong><u>\u00a0<\/u><\/strong><\/p>\n<p>Aquesta setmana la Judith i el Jordi han decidit unificar esfor\u00e7os i us llancen un repte com\u00fa. Sereu capa\u00e7os de fer-lo tan b\u00e9 com ells?<\/p>\n<p>Les podeu trobar al blog de M\u00fasica de la Judith:<\/p>\n<p><a href=\"http:\/\/petitsgransmusicsfontfreda.blogspot.com\/p\/propostes.html\">http:\/\/petitsgransmusicsfontfreda.blogspot.com\/p\/propostes.html<\/a><\/p>\n<p>Per enviar-li les feines a la Judith recordeu el seu correu: <a href=\"mailto:musicafontfreda@gmail.com\">musicafontfreda@gmail.com<\/a><\/p>\n<p>No oblideu de felicitar al Jordi!!<\/p>\n<p><span style=\"color: #008000;\"><strong><u>TASQUES D&#8217; I + D:<\/u><\/strong><\/span><\/p>\n<p>Igual que la setmana passada, haureu de fer de detectius i esbrinar\u00a0 per qu\u00e8 el dia 23 d&#8217;Abril es celebra Sant Jordi.<\/p>\n<p>Trobar\u00e0s la tasca a l&#8217;enlla\u00e7:<\/p>\n<p><a href=\"https:\/\/es.liveworksheets.com\/vf196667zq\"><span style=\"color: #0000ff;\">https:\/\/es.liveworksheets.com\/vf196667zq<\/span><\/a><\/p>\n<p><span style=\"color: #ff6600;\"><strong><u>TASQUES D&#8217;ANGL\u00c8S:<\/u><\/strong> <\/span><strong style=\"font-family: inherit; font-size: 1em;\"><u>\u00a0<\/u><\/strong><\/p>\n<p>Cliqueu el link. Obrireu unes diapositives. A la primera, trobareu tot explicat<\/p>\n<p>com s\u2019ha de fer. Teniu 2 setmanes per a aquesta feina. Espero que us agradi!!<\/p>\n<p>No dubteu en escriure\u2019m i preguntar per qualsevol dubte. Una abra\u00e7ada!!<\/p>\n<p><a href=\"https:\/\/docs.google.com\/presentation\/d\/e\/2PACX-1vRRFNHToxtsUFrzCnum5V98r0BZFOF3l31KILo3DmBb_kIF_ijyEDR0S0G05DyGOw\/pub?start=false&amp;loop=false&amp;delayms=3000\">https:\/\/docs.google.com\/presentation\/d\/e\/2PACX-1vRRFNHToxtsUFrzCnum5V98r0BZFOF3l31KILo3DmBb_kIF_ijyEDR0S0G05DyGOw\/pub?start=false&amp;loop=false&amp;delayms=3000<\/a><\/p>\n<p><strong>RECORDEU: QUALSEVOL DUBTE O DIFICULTAT NO DUBTEU A ESCRIURE&#8217;NS SI US PLAU!!\u00a0<\/strong><\/p>\n<p><strong>Tot aix\u00f2 \u00e9s nou tamb\u00e9 pels mestres i estarem encantats d&#8217;ajudar-vos!<\/strong><\/p>\n<p>&nbsp;<\/p>\n<p>&nbsp;<\/p>\n<p>&nbsp;<\/p>\n<p>&nbsp;<\/p>\n<p>&nbsp;<\/p>\n<p>&nbsp;<\/p>\n<p>&nbsp;<\/p>\n<p>&nbsp;<\/p>\n<p>&nbsp;<\/p>\n<p>&nbsp;<\/p>\n<p>&nbsp;<\/p>\n<p>&nbsp;<\/p>\n","protected":false},"excerpt":{"rendered":"<p>&nbsp;<br \/>\nSETMANA\u00a0\u00a0DE SANT JORDI!!<br \/>\n<a href=\"https:\/\/agora.xtec.cat\/ceip-fontfreda\/wp-content\/uploads\/usu813\/2020\/04\/mrwonderful_santjordi_2015_contigo.jpg\"><\/a><a href=\"https:\/\/agora.xtec.cat\/ceip-fontfreda\/wp-content\/uploads\/usu813\/2020\/04\/mrwonderful_santjordi_2015_dragonmajete.jpg\"><\/a><br \/>\nPROGRAMACI\u00d3 4T\u00a0\u00a0SEGON TRIMESTRE\u00a0<br \/>\nDEL DILLUNS 20 D&#8217;ABRIL AL DIVENDRES 24 D&#8217;ABRIL:<br \/>\nTEMA ESCOLLIT COM A CENTRE D&#8217;INTER\u00c8S: SANT JORDI<br \/>\nMetodologia:<br \/>\n-Feines interactives<br \/>\n-Feines a la llibreta o full.<br \/>\n-Propostes variades dels especialistes (E.F. i M\u00fasica i Angl\u00e8s)<br \/>\nI RECORDEU 4RTS! Si alguna fam\u00edlia no t\u00e9 ordinador les feines&hellip;  <a href=\"https:\/\/agora.xtec.cat\/ceip-fontfreda\/primaria\/4t\/programacio-setmana-del-20-al-24-dabril\/\" title=\"Read PROGRAMACI\u00d3 SETMANA DEL 20 AL 24 D&#8217;ABRIL\">Llegeix m\u00e9s\u00bb<\/a><\/p>\n","protected":false},"author":1,"featured_media":0,"comment_status":"open","ping_status":"closed","sticky":false,"template":"","format":"standard","meta":{"_bbp_topic_count":0,"_bbp_reply_count":0,"_bbp_total_topic_count":0,"_bbp_total_reply_count":0,"_bbp_voice_count":0,"_bbp_anonymous_reply_count":0,"_bbp_topic_count_hidden":0,"_bbp_reply_count_hidden":0,"_bbp_forum_subforum_count":0,"footnotes":""},"categories":[13],"tags":[],"class_list":["post-6005","post","type-post","status-publish","format-standard","hentry","category-4t"],"post_mailing_queue_ids":[],"_links":{"self":[{"href":"https:\/\/agora.xtec.cat\/ceip-fontfreda\/wp-json\/wp\/v2\/posts\/6005","targetHints":{"allow":["GET"]}}],"collection":[{"href":"https:\/\/agora.xtec.cat\/ceip-fontfreda\/wp-json\/wp\/v2\/posts"}],"about":[{"href":"https:\/\/agora.xtec.cat\/ceip-fontfreda\/wp-json\/wp\/v2\/types\/post"}],"author":[{"embeddable":true,"href":"https:\/\/agora.xtec.cat\/ceip-fontfreda\/wp-json\/wp\/v2\/users\/1"}],"replies":[{"embeddable":true,"href":"https:\/\/agora.xtec.cat\/ceip-fontfreda\/wp-json\/wp\/v2\/comments?post=6005"}],"version-history":[{"count":4,"href":"https:\/\/agora.xtec.cat\/ceip-fontfreda\/wp-json\/wp\/v2\/posts\/6005\/revisions"}],"predecessor-version":[{"id":6033,"href":"https:\/\/agora.xtec.cat\/ceip-fontfreda\/wp-json\/wp\/v2\/posts\/6005\/revisions\/6033"}],"wp:attachment":[{"href":"https:\/\/agora.xtec.cat\/ceip-fontfreda\/wp-json\/wp\/v2\/media?parent=6005"}],"wp:term":[{"taxonomy":"category","embeddable":true,"href":"https:\/\/agora.xtec.cat\/ceip-fontfreda\/wp-json\/wp\/v2\/categories?post=6005"},{"taxonomy":"post_tag","embeddable":true,"href":"https:\/\/agora.xtec.cat\/ceip-fontfreda\/wp-json\/wp\/v2\/tags?post=6005"}],"curies":[{"name":"wp","href":"https:\/\/api.w.org\/{rel}","templated":true}]}}