{"id":5930,"date":"2020-04-14T10:11:35","date_gmt":"2020-04-14T08:11:35","guid":{"rendered":"http:\/\/agora.xtec.cat\/ceip-fontfreda\/?p=5930"},"modified":"2020-04-14T10:11:35","modified_gmt":"2020-04-14T08:11:35","slug":"proposta-la-mona-de-pasqua","status":"publish","type":"post","link":"https:\/\/agora.xtec.cat\/ceip-fontfreda\/primaria\/proposta-la-mona-de-pasqua\/","title":{"rendered":"Proposta La Mona de Pasqua"},"content":{"rendered":"<p>Bon dia, classe de Coco!<\/p>\n<p>Comencem l\u2019aventura del tercer trimestre&#8230; Esteu preparades i preparats?<\/p>\n<p>Aqu\u00ed teniu la proposta d\u2019aquesta primera setmana. Tamb\u00e9 la trobareu en castell\u00e0. Podeu fer la que us vagi millor. Trobareu una petita explicaci\u00f3 al principi de la proposta. Per qualsevol dubte, podeu escriure als correus.<\/p>\n<p>Som-hi!<\/p>\n<p><a href=\"https:\/\/agora.xtec.cat\/ceip-fontfreda\/wp-content\/uploads\/usu813\/2020\/04\/Monacatala.pdf\">Monacatala<\/a><\/p>\n<p>\u00a1Buenos d\u00edas, clase de Coco!<\/p>\n<p>Empezamos la aventura del tercer trimestre\u2026 \u00bfEst\u00e1is preparados?<\/p>\n<p>Aqu\u00ed ten\u00e9is la propuesta de esta semana. Pod\u00e9is escogerla en castellano o en catal\u00e1n, como mejor os vaya. Encontrar\u00e9is una peque\u00f1a explicaci\u00f3n al principio de la propuesta. Si ten\u00e9is cualquier duda, pod\u00e9is escribir a los correos.<\/p>\n<p>\u00a1Empezamos!<\/p>\n<p><a href=\"https:\/\/agora.xtec.cat\/ceip-fontfreda\/wp-content\/uploads\/usu813\/2020\/04\/Monacastellano.pdf\">Monacastellano<\/a><\/p>\n","protected":false},"excerpt":{"rendered":"<p>Bon dia, classe de Coco!<br \/>\nComencem l\u2019aventura del tercer trimestre&#8230; Esteu preparades i preparats?<br \/>\nAqu\u00ed teniu la proposta d\u2019aquesta primera setmana. Tamb\u00e9 la trobareu en castell\u00e0. Podeu fer la que us vagi millor. Trobareu una petita explicaci\u00f3 al principi de la proposta. Per qualsevol dubte, podeu escriure&hellip;  <a href=\"https:\/\/agora.xtec.cat\/ceip-fontfreda\/primaria\/proposta-la-mona-de-pasqua\/\" title=\"Read Proposta La Mona de Pasqua\">Llegeix m\u00e9s\u00bb<\/a><\/p>\n","protected":false},"author":1,"featured_media":0,"comment_status":"open","ping_status":"closed","sticky":false,"template":"","format":"standard","meta":{"_bbp_topic_count":0,"_bbp_reply_count":0,"_bbp_total_topic_count":0,"_bbp_total_reply_count":0,"_bbp_voice_count":0,"_bbp_anonymous_reply_count":0,"_bbp_topic_count_hidden":0,"_bbp_reply_count_hidden":0,"_bbp_forum_subforum_count":0,"footnotes":""},"categories":[11,5],"tags":[],"class_list":["post-5930","post","type-post","status-publish","format-standard","hentry","category-2n","category-primaria"],"post_mailing_queue_ids":[],"_links":{"self":[{"href":"https:\/\/agora.xtec.cat\/ceip-fontfreda\/wp-json\/wp\/v2\/posts\/5930","targetHints":{"allow":["GET"]}}],"collection":[{"href":"https:\/\/agora.xtec.cat\/ceip-fontfreda\/wp-json\/wp\/v2\/posts"}],"about":[{"href":"https:\/\/agora.xtec.cat\/ceip-fontfreda\/wp-json\/wp\/v2\/types\/post"}],"author":[{"embeddable":true,"href":"https:\/\/agora.xtec.cat\/ceip-fontfreda\/wp-json\/wp\/v2\/users\/1"}],"replies":[{"embeddable":true,"href":"https:\/\/agora.xtec.cat\/ceip-fontfreda\/wp-json\/wp\/v2\/comments?post=5930"}],"version-history":[{"count":2,"href":"https:\/\/agora.xtec.cat\/ceip-fontfreda\/wp-json\/wp\/v2\/posts\/5930\/revisions"}],"predecessor-version":[{"id":5934,"href":"https:\/\/agora.xtec.cat\/ceip-fontfreda\/wp-json\/wp\/v2\/posts\/5930\/revisions\/5934"}],"wp:attachment":[{"href":"https:\/\/agora.xtec.cat\/ceip-fontfreda\/wp-json\/wp\/v2\/media?parent=5930"}],"wp:term":[{"taxonomy":"category","embeddable":true,"href":"https:\/\/agora.xtec.cat\/ceip-fontfreda\/wp-json\/wp\/v2\/categories?post=5930"},{"taxonomy":"post_tag","embeddable":true,"href":"https:\/\/agora.xtec.cat\/ceip-fontfreda\/wp-json\/wp\/v2\/tags?post=5930"}],"curies":[{"name":"wp","href":"https:\/\/api.w.org\/{rel}","templated":true}]}}