{"id":5866,"date":"2020-04-06T17:21:28","date_gmt":"2020-04-06T15:21:28","guid":{"rendered":"http:\/\/agora.xtec.cat\/ceip-fontfreda\/?p=5866"},"modified":"2020-04-06T20:52:42","modified_gmt":"2020-04-06T18:52:42","slug":"propostes-pedagogiques-per-aquesta-setmana-santa","status":"publish","type":"post","link":"https:\/\/agora.xtec.cat\/ceip-fontfreda\/primaria\/4t\/propostes-pedagogiques-per-aquesta-setmana-santa\/","title":{"rendered":"PROPOSTES PEDAG\u00d2GIQUES PER AQUESTA SETMANA SANTA"},"content":{"rendered":"<p>A m\u00e9s de descansar i estar en contacte amb els nostres familiars i amics, aqu\u00ed us deixo dues propostes per fer-vos m\u00e9s entretinguda aquesta Setmana Santa!!<\/p>\n<ul>\n<li><strong>\u00a0M\u00fasica:<\/strong> La Judith us proposa entrar en el blog<strong> petitsgransmusicsfontfreda<\/strong> i jugar amb ritmes i moltes m\u00e9s coses divertides i engrescadores.<\/li>\n<li><strong>English <\/strong><strong>Easter Special! <\/strong><strong>A continuaci\u00f3 trobareu propostes variades tant de nivell com de tipus d\u2019activitats per a Pasqua. Escolliu aquelles que us agradin m\u00e9s! Happy Easter!<\/strong>\n<ol>\n<li>Listen and watch any of the following videos, you choose!<\/li>\n<\/ol>\n<p>Podeu escoltar i visualitzar qualsevol de les opcions seg\u00fcents .<\/p>\n<p><a href=\"https:\/\/www.youtube.com\/watch?v=3fh6-C3S1hs\">Easter in Britain<\/a><\/p>\n<p><a href=\"https:\/\/www.youtube.com\/watch?v=EuTlQCGxE5Y\">The tale of Peter Rabbit By Beatrix Potter:<\/a><\/p>\n<p><a href=\"https:\/\/www.youtube.com\/watch?v=Yx8gVDBWVuY\">Peter Rabbit Cartoons (Easter special)<\/a><\/p>\n<p>&nbsp;<\/p>\n<ol>\n<li>Other activities:\u00a0 Easter Origami, Mindfulness Easter\u00a0 Mandalas, Easter Wordsearch, Vocabulary\u00a0 Worksheets:<\/li>\n<\/ol>\n<p><a href=\"https:\/\/drive.google.com\/drive\/folders\/1t4OcU6L0SOkyj2VgwESEjTCAPzBzmtzm?usp=sharing\">https:\/\/drive.google.com\/drive\/folders\/1t4OcU6L0SOkyj2VgwESEjTCAPzBzmtzm?usp=sharing<\/a><\/p>\n<p>&nbsp;<\/li>\n<\/ul>\n","protected":false},"excerpt":{"rendered":"<p>A m\u00e9s de descansar i estar en contacte amb els nostres familiars i amics, aqu\u00ed us deixo dues propostes per fer-vos m\u00e9s entretinguda aquesta Setmana Santa!!<\/p>\n<ul>\n<li>\u00a0M\u00fasica: La Judith us proposa entrar en el blog petitsgransmusicsfontfreda i jugar amb ritmes i moltes m\u00e9s coses divertides i&hellip;  <a href=\"https:\/\/agora.xtec.cat\/ceip-fontfreda\/primaria\/4t\/propostes-pedagogiques-per-aquesta-setmana-santa\/\" title=\"Read PROPOSTES PEDAG\u00d2GIQUES PER AQUESTA SETMANA SANTA\">Llegeix m\u00e9s\u00bb<\/a><br \/>\n","protected":false},"author":1,"featured_media":0,"comment_status":"open","ping_status":"closed","sticky":false,"template":"","format":"standard","meta":{"_bbp_topic_count":0,"_bbp_reply_count":0,"_bbp_total_topic_count":0,"_bbp_total_reply_count":0,"_bbp_voice_count":0,"_bbp_anonymous_reply_count":0,"_bbp_topic_count_hidden":0,"_bbp_reply_count_hidden":0,"_bbp_forum_subforum_count":0,"footnotes":""},"categories":[13],"tags":[],"class_list":["post-5866","post","type-post","status-publish","format-standard","hentry","category-4t"],"post_mailing_queue_ids":[],"_links":{"self":[{"href":"https:\/\/agora.xtec.cat\/ceip-fontfreda\/wp-json\/wp\/v2\/posts\/5866","targetHints":{"allow":["GET"]}}],"collection":[{"href":"https:\/\/agora.xtec.cat\/ceip-fontfreda\/wp-json\/wp\/v2\/posts"}],"about":[{"href":"https:\/\/agora.xtec.cat\/ceip-fontfreda\/wp-json\/wp\/v2\/types\/post"}],"author":[{"embeddable":true,"href":"https:\/\/agora.xtec.cat\/ceip-fontfreda\/wp-json\/wp\/v2\/users\/1"}],"replies":[{"embeddable":true,"href":"https:\/\/agora.xtec.cat\/ceip-fontfreda\/wp-json\/wp\/v2\/comments?post=5866"}],"version-history":[{"count":3,"href":"https:\/\/agora.xtec.cat\/ceip-fontfreda\/wp-json\/wp\/v2\/posts\/5866\/revisions"}],"predecessor-version":[{"id":5875,"href":"https:\/\/agora.xtec.cat\/ceip-fontfreda\/wp-json\/wp\/v2\/posts\/5866\/revisions\/5875"}],"wp:attachment":[{"href":"https:\/\/agora.xtec.cat\/ceip-fontfreda\/wp-json\/wp\/v2\/media?parent=5866"}],"wp:term":[{"taxonomy":"category","embeddable":true,"href":"https:\/\/agora.xtec.cat\/ceip-fontfreda\/wp-json\/wp\/v2\/categories?post=5866"},{"taxonomy":"post_tag","embeddable":true,"href":"https:\/\/agora.xtec.cat\/ceip-fontfreda\/wp-json\/wp\/v2\/tags?post=5866"}],"curies":[{"name":"wp","href":"https:\/\/api.w.org\/{rel}","templated":true}]}}