{"id":5845,"date":"2020-04-04T12:38:08","date_gmt":"2020-04-04T10:38:08","guid":{"rendered":"http:\/\/agora.xtec.cat\/ceip-fontfreda\/?p=5845"},"modified":"2020-04-04T14:36:00","modified_gmt":"2020-04-04T12:36:00","slug":"setmana-santa-del-4-al-14-dabril","status":"publish","type":"post","link":"https:\/\/agora.xtec.cat\/ceip-fontfreda\/primaria\/4t\/setmana-santa-del-4-al-14-dabril\/","title":{"rendered":"SETMANA SANTA, del 4 al 14 d&#8217;Abril!"},"content":{"rendered":"<p><span style=\"color: #000080\">Arriba el moment de fer un Kit kat i descansar, de jugar, veure dibuixos, llegir, xerrar amb els amics, jugar a jocs de taula i estimar molt als pares, germans, tiets i a tothom que tens al costat.<\/span><\/p>\n<p><span style=\"color: #000080\">L&#8217;equip de mestres tamb\u00e9 descansem i et desitgem una setmana el m\u00e9s bonica possible.<\/span><span style=\"color: #000080\">Si et ve de gust treballar una mica recorda acabar feines&#8230;<\/span><\/p>\n<p><span style=\"color: #ff6600\">Et fem un recordatori?<\/span><\/p>\n<p><span style=\"color: #ff6600\">-V\u00eddeo emquedoacasa, feinetes d&#8217;angl\u00e8s, un diari ben dissenyat (catal\u00e0\/angl\u00e8s), jocs d&#8217;EF, lectures i audiocuentos (explica&#8217;ns quina t&#8217;est\u00e0s llegint i recomana-la), experiments\/ carta a l&#8217;hospital de la darrera proposta (all\u00e0 tens enlla\u00e7 i correus ens ho pots enviar tot), etc.<\/span><\/p>\n<p><span style=\"color: #ff6600\">Tamb\u00e9 pots fer una ullada als materials autocorrectius de l&#8217;Edu365, o b\u00e9 mirar-te programes com: InfoK, Dinamiks, Manduka, Una m\u00e0 de contes, Qu\u00e8, qui, com? o el Fish&amp;Chips.<\/span><\/p>\n<p><span style=\"color: #ff6600\">I, per acabar, gaudeix i relaxa&#8217;t amb la m\u00fasica i els exercicis que et compartim a aquest <\/span><strong><span style=\"color: #00ff00\"><a style=\"color: #00ff00\" href=\"https:\/\/serveiseducatius.xtec.cat\/vallesoccidental6\/general\/eines-per-a-la-millora-del-benestar-emocional\/\">ENLLA\u00c7<\/a><\/span><\/strong>, <span style=\"color: #ff6600\">si est\u00e0s dels nervis, aquesta Setmana Santa t&#8217;ajudar\u00e0 molt el petit manual.<\/span><\/p>\n<p><span style=\"color: #800080\">Descansa i recorda que estem a l&#8217;altra banda dels correus per tot el que necessitis, no dubtis en enviar-nos un i explicar-nos com et va!<\/span><\/p>\n<p><span style=\"color: #800080\">\u00a0 \u00a0 \u00a0 \u00a0 \u00a0 \u00a0 \u00a0 \u00a0 \u00a0 \u00a0 \u00a0 \u00a0 \u00a0 \u00a0 \u00a0 \u00a0 \u00a0 \u00a0 \u00a0 \u00a0A reveure nois i noies !<\/span><\/p>\n<p><iframe loading=\"lazy\" src=\"\/\/giphy.com\/embed\/2qpiSM2USYsaA\" width=\"480\" height=\"342\" frameborder=\"0\"><\/iframe><\/p>\n<p>&nbsp;<\/p>\n<p>&nbsp;<\/p>\n<p>&nbsp;<\/p>\n<p>&nbsp;<\/p>\n","protected":false},"excerpt":{"rendered":"<p>Arriba el moment de fer un Kit kat i descansar, de jugar, veure dibuixos, llegir, xerrar amb els amics, jugar a jocs de taula i estimar molt als pares, germans, tiets i a tothom que tens al costat.<br \/>\nL&#8217;equip de mestres tamb\u00e9 descansem i et desitgem&hellip;  <a href=\"https:\/\/agora.xtec.cat\/ceip-fontfreda\/primaria\/4t\/setmana-santa-del-4-al-14-dabril\/\" title=\"Read SETMANA SANTA, del 4 al 14 d&#8217;Abril!\">Llegeix m\u00e9s\u00bb<\/a><\/p>\n","protected":false},"author":1,"featured_media":0,"comment_status":"open","ping_status":"closed","sticky":false,"template":"","format":"standard","meta":{"_bbp_topic_count":0,"_bbp_reply_count":0,"_bbp_total_topic_count":0,"_bbp_total_reply_count":0,"_bbp_voice_count":0,"_bbp_anonymous_reply_count":0,"_bbp_topic_count_hidden":0,"_bbp_reply_count_hidden":0,"_bbp_forum_subforum_count":0,"footnotes":""},"categories":[13],"tags":[],"class_list":["post-5845","post","type-post","status-publish","format-standard","hentry","category-4t"],"post_mailing_queue_ids":[],"_links":{"self":[{"href":"https:\/\/agora.xtec.cat\/ceip-fontfreda\/wp-json\/wp\/v2\/posts\/5845","targetHints":{"allow":["GET"]}}],"collection":[{"href":"https:\/\/agora.xtec.cat\/ceip-fontfreda\/wp-json\/wp\/v2\/posts"}],"about":[{"href":"https:\/\/agora.xtec.cat\/ceip-fontfreda\/wp-json\/wp\/v2\/types\/post"}],"author":[{"embeddable":true,"href":"https:\/\/agora.xtec.cat\/ceip-fontfreda\/wp-json\/wp\/v2\/users\/1"}],"replies":[{"embeddable":true,"href":"https:\/\/agora.xtec.cat\/ceip-fontfreda\/wp-json\/wp\/v2\/comments?post=5845"}],"version-history":[{"count":1,"href":"https:\/\/agora.xtec.cat\/ceip-fontfreda\/wp-json\/wp\/v2\/posts\/5845\/revisions"}],"predecessor-version":[{"id":5846,"href":"https:\/\/agora.xtec.cat\/ceip-fontfreda\/wp-json\/wp\/v2\/posts\/5845\/revisions\/5846"}],"wp:attachment":[{"href":"https:\/\/agora.xtec.cat\/ceip-fontfreda\/wp-json\/wp\/v2\/media?parent=5845"}],"wp:term":[{"taxonomy":"category","embeddable":true,"href":"https:\/\/agora.xtec.cat\/ceip-fontfreda\/wp-json\/wp\/v2\/categories?post=5845"},{"taxonomy":"post_tag","embeddable":true,"href":"https:\/\/agora.xtec.cat\/ceip-fontfreda\/wp-json\/wp\/v2\/tags?post=5845"}],"curies":[{"name":"wp","href":"https:\/\/api.w.org\/{rel}","templated":true}]}}