{"id":5777,"date":"2020-03-31T20:19:14","date_gmt":"2020-03-31T18:19:14","guid":{"rendered":"http:\/\/agora.xtec.cat\/ceip-fontfreda\/?p=5777"},"modified":"2020-03-31T20:22:34","modified_gmt":"2020-03-31T18:22:34","slug":"propostes-angles-i-musica-cicle-incial","status":"publish","type":"post","link":"https:\/\/agora.xtec.cat\/ceip-fontfreda\/general\/propostes-angles-i-musica-cicle-incial\/","title":{"rendered":"PROPOSTES ANGL\u00c8S I M\u00daSICA CICLE INCIAL"},"content":{"rendered":"<p>Cliqueu a aquest enlla\u00e7 que l&#8217;altre no funciona:<\/p>\n<p><a href=\"https:\/\/drive.google.com\/file\/d\/1kAYs8wEHOJrCuRIJpz3lluY8-pC7ft6P\/view?usp=sharing\">https:\/\/drive.google.com\/file\/d\/1kAYs8wEHOJrCuRIJpz3lluY8-pC7ft6P\/view?usp=sharin<\/a><a href=\"https:\/\/drive.google.com\/file\/d\/1kAYs8wEHOJrCuRIJpz3lluY8-pC7ft6P\/view?usp=sharing\">g<\/a><\/p>\n","protected":false},"excerpt":{"rendered":"<p>Cliqueu a aquest enlla\u00e7 que l&#8217;altre no funciona:<br \/>\n<a href=\"https:\/\/drive.google.com\/file\/d\/1kAYs8wEHOJrCuRIJpz3lluY8-pC7ft6P\/view?usp=sharing\">https:\/\/drive.google.com\/file\/d\/1kAYs8wEHOJrCuRIJpz3lluY8-pC7ft6P\/view?usp=sharin<\/a><a href=\"https:\/\/drive.google.com\/file\/d\/1kAYs8wEHOJrCuRIJpz3lluY8-pC7ft6P\/view?usp=sharing\">g<\/a><\/p>\n","protected":false},"author":13,"featured_media":0,"comment_status":"open","ping_status":"closed","sticky":false,"template":"","format":"standard","meta":{"_bbp_topic_count":0,"_bbp_reply_count":0,"_bbp_total_topic_count":0,"_bbp_total_reply_count":0,"_bbp_voice_count":0,"_bbp_anonymous_reply_count":0,"_bbp_topic_count_hidden":0,"_bbp_reply_count_hidden":0,"_bbp_forum_subforum_count":0,"footnotes":""},"categories":[10,11,1],"tags":[],"class_list":["post-5777","post","type-post","status-publish","format-standard","hentry","category-1r","category-2n","category-general"],"post_mailing_queue_ids":[],"_links":{"self":[{"href":"https:\/\/agora.xtec.cat\/ceip-fontfreda\/wp-json\/wp\/v2\/posts\/5777","targetHints":{"allow":["GET"]}}],"collection":[{"href":"https:\/\/agora.xtec.cat\/ceip-fontfreda\/wp-json\/wp\/v2\/posts"}],"about":[{"href":"https:\/\/agora.xtec.cat\/ceip-fontfreda\/wp-json\/wp\/v2\/types\/post"}],"author":[{"embeddable":true,"href":"https:\/\/agora.xtec.cat\/ceip-fontfreda\/wp-json\/wp\/v2\/users\/13"}],"replies":[{"embeddable":true,"href":"https:\/\/agora.xtec.cat\/ceip-fontfreda\/wp-json\/wp\/v2\/comments?post=5777"}],"version-history":[{"count":3,"href":"https:\/\/agora.xtec.cat\/ceip-fontfreda\/wp-json\/wp\/v2\/posts\/5777\/revisions"}],"predecessor-version":[{"id":5780,"href":"https:\/\/agora.xtec.cat\/ceip-fontfreda\/wp-json\/wp\/v2\/posts\/5777\/revisions\/5780"}],"wp:attachment":[{"href":"https:\/\/agora.xtec.cat\/ceip-fontfreda\/wp-json\/wp\/v2\/media?parent=5777"}],"wp:term":[{"taxonomy":"category","embeddable":true,"href":"https:\/\/agora.xtec.cat\/ceip-fontfreda\/wp-json\/wp\/v2\/categories?post=5777"},{"taxonomy":"post_tag","embeddable":true,"href":"https:\/\/agora.xtec.cat\/ceip-fontfreda\/wp-json\/wp\/v2\/tags?post=5777"}],"curies":[{"name":"wp","href":"https:\/\/api.w.org\/{rel}","templated":true}]}}