{"id":5721,"date":"2020-03-30T18:46:32","date_gmt":"2020-03-30T16:46:32","guid":{"rendered":"http:\/\/agora.xtec.cat\/ceip-fontfreda\/?p=5721"},"modified":"2020-03-31T22:55:42","modified_gmt":"2020-03-31T20:55:42","slug":"propostes-educatives-per-1r-i-2n-setmana-del-30-de-marc-al-3-dabril","status":"publish","type":"post","link":"https:\/\/agora.xtec.cat\/ceip-fontfreda\/primaria\/1r\/propostes-educatives-per-1r-i-2n-setmana-del-30-de-marc-al-3-dabril\/","title":{"rendered":"Propostes Educatives per 1r i 2n Setmana del 30 de Mar\u00e7 al 3 d&#8217;Abril"},"content":{"rendered":"<p>Hola Fam\u00edlies de 1r i 2n,<\/p>\n<p>Per aquesta setmana us plantegem 3 noves propostes educatives, que com ja hem anat dient, s\u00f3n volunt\u00e0ries.<\/p>\n<p>Ens podeu enviar fotos i v\u00eddeos (tamb\u00e9 voluntari) de tot el que feu als nostres correus:<\/p>\n<p>Tutora de 2n:<\/p>\n<p>Laura Rubio <a href=\"mailto:lrubio10@xtec.cat\">lrubio10@xtec.cat<\/a> \/<\/p>\n<p>Tutora de 1r:<\/p>\n<p>Silvia Coso <a href=\"mailto:scoso@xtec.cat\">scoso@xtec.cat<\/a><\/p>\n<p><strong>Proposta 1:<\/strong> <span style=\"font-family: inherit;font-size: 1em\">B\u00fastia de cartes. Escriu una carta per tota la classe. Nosaltres la farem arribar perqu\u00e8 els vostres companys i companyes puguin llegir-vos!<\/span><\/p>\n<p><strong>Proposta 2: <\/strong>Ara que tenim molt de temps per passar en fam\u00edlia, segur que us poden explicar algun joc de quan eren petits que no coneixeu. Ens l\u2019ensenyeu? Aix\u00ed podrem tenir un recull de jocs per poder fer amb la fam\u00edlia!<\/p>\n<p><strong>Proposta 3:<\/strong> Activitats de M\u00fasica. En el seg\u00fcent document trobareu unes propostes de m\u00fasica que us planteja la Judith i que s\u00f3n molt interessants!<\/p>\n<p><a href=\"https:\/\/agora.xtec.cat\/ceip-fontfreda\/wp-content\/uploads\/usu813\/2020\/03\/m\u00fasica-a-casa-2-2.pdf\">m\u00fasica a casa (2) (2)<\/a><\/p>\n<p>Finalment, recordar-vos que totes les fotos i els videos que ens envieu els teniu aqu\u00ed a la web de l&#8217;escola a l&#8217;apartat #elFontFredaesquedaacasa1r<\/p>\n<p>Salut i una abra\u00e7ada molt forta per tothom de part de tots\/totes els\/les mestres!<\/p>\n","protected":false},"excerpt":{"rendered":"<p>Hola Fam\u00edlies de 1r i 2n,Per aquesta setmana us plantegem 3 noves propostes educatives, que com ja hem anat dient, s\u00f3n volunt\u00e0ries.Ens podeu enviar fotos i v\u00eddeos (tamb\u00e9 voluntari) de tot el que feu als nostres correus:Tutora de 2n:Laura Rubio lrubio10@xtec.cat \/Tutora de 1r:Silvia Coso scoso@xtec.catProposta 1: B\u00fastia de cartes. Escriu una carta per tota la classe. Nosaltres la farem arribar perqu\u00e8 els vostres companys i companyes puguin llegir-vos!Proposta 2: Ara que tenim molt de temps per passar en fam\u00edlia, segur que us poden explicar algun joc de quan eren petits que no coneixeu. Ens l\u2019ensenyeu? Aix\u00ed podrem tenir un recull de jocs per poder fer amb la fam\u00edlia!Proposta 3: Activitats de M\u00fasica. En el seg\u00fcent document trobareu unes propostes de m\u00fasica que us planteja la Judith i que s\u00f3n molt interessants!m\u00fasica a casa (2)Finalment, recordar-vos que totes les fotos i els videos que ens envieu els teniu aqu\u00ed a la web de l&#8217;escola a l&#8217;apartat #elFontFredaesquedaacasa1rSalut i una abra\u00e7ada molt forta per tothom de part de tots\/totes els\/les mestres!&hellip;  <a href=\"https:\/\/agora.xtec.cat\/ceip-fontfreda\/primaria\/1r\/propostes-educatives-per-1r-i-2n-setmana-del-30-de-marc-al-3-dabril\/\" title=\"Read Propostes Educatives per 1r i 2n Setmana del 30 de Mar\u00e7 al 3 d&#8217;Abril\">Llegeix m\u00e9s\u00bb<\/a><\/p>\n","protected":false},"author":9,"featured_media":0,"comment_status":"open","ping_status":"closed","sticky":false,"template":"","format":"standard","meta":{"_bbp_topic_count":0,"_bbp_reply_count":0,"_bbp_total_topic_count":0,"_bbp_total_reply_count":0,"_bbp_voice_count":0,"_bbp_anonymous_reply_count":0,"_bbp_topic_count_hidden":0,"_bbp_reply_count_hidden":0,"_bbp_forum_subforum_count":0,"footnotes":""},"categories":[10,11],"tags":[],"class_list":["post-5721","post","type-post","status-publish","format-standard","hentry","category-1r","category-2n"],"post_mailing_queue_ids":[],"_links":{"self":[{"href":"https:\/\/agora.xtec.cat\/ceip-fontfreda\/wp-json\/wp\/v2\/posts\/5721","targetHints":{"allow":["GET"]}}],"collection":[{"href":"https:\/\/agora.xtec.cat\/ceip-fontfreda\/wp-json\/wp\/v2\/posts"}],"about":[{"href":"https:\/\/agora.xtec.cat\/ceip-fontfreda\/wp-json\/wp\/v2\/types\/post"}],"author":[{"embeddable":true,"href":"https:\/\/agora.xtec.cat\/ceip-fontfreda\/wp-json\/wp\/v2\/users\/9"}],"replies":[{"embeddable":true,"href":"https:\/\/agora.xtec.cat\/ceip-fontfreda\/wp-json\/wp\/v2\/comments?post=5721"}],"version-history":[{"count":3,"href":"https:\/\/agora.xtec.cat\/ceip-fontfreda\/wp-json\/wp\/v2\/posts\/5721\/revisions"}],"predecessor-version":[{"id":5788,"href":"https:\/\/agora.xtec.cat\/ceip-fontfreda\/wp-json\/wp\/v2\/posts\/5721\/revisions\/5788"}],"wp:attachment":[{"href":"https:\/\/agora.xtec.cat\/ceip-fontfreda\/wp-json\/wp\/v2\/media?parent=5721"}],"wp:term":[{"taxonomy":"category","embeddable":true,"href":"https:\/\/agora.xtec.cat\/ceip-fontfreda\/wp-json\/wp\/v2\/categories?post=5721"},{"taxonomy":"post_tag","embeddable":true,"href":"https:\/\/agora.xtec.cat\/ceip-fontfreda\/wp-json\/wp\/v2\/tags?post=5721"}],"curies":[{"name":"wp","href":"https:\/\/api.w.org\/{rel}","templated":true}]}}