{"id":5696,"date":"2020-03-30T11:49:24","date_gmt":"2020-03-30T09:49:24","guid":{"rendered":"http:\/\/agora.xtec.cat\/ceip-fontfreda\/?p=5696"},"modified":"2020-03-30T11:49:24","modified_gmt":"2020-03-30T09:49:24","slug":"proposta-id-setmana-del-30-de-marc-al-3-dabril","status":"publish","type":"post","link":"https:\/\/agora.xtec.cat\/ceip-fontfreda\/primaria\/4t\/proposta-id-setmana-del-30-de-marc-al-3-dabril\/","title":{"rendered":"PROPOSTA I+D SETMANA DEL 30 DE MAR\u00c7 AL 3 D&#8217;ABRIL"},"content":{"rendered":"<p>Com que la Cristina i jo sabem que teniu \u00e0nima de cient\u00edfics i molts de vosaltres ten\u00edu fins i tot ja el carnet,\u00a0 aqu\u00ed us deixem un enlla\u00e7 per fer experiments a casa. Ho podeu fer sols o acompanyats dels vostres pares i germans, que segur que estan d&#8217;all\u00f2 m\u00e9s avorrits.<\/p>\n<p>Esperem moltes fotografies i v\u00eddeos amb els resultats!!!<\/p>\n<p>http:\/\/tiny.cc\/iwuslz<\/p>\n","protected":false},"excerpt":{"rendered":"<p>Com que la Cristina i jo sabem que teniu \u00e0nima de cient\u00edfics i molts de vosaltres ten\u00edu fins i tot ja el carnet,\u00a0 aqu\u00ed us deixem un enlla\u00e7 per fer experiments a casa. Ho podeu fer sols o acompanyats dels vostres pares i germans, que&hellip;  <a href=\"https:\/\/agora.xtec.cat\/ceip-fontfreda\/primaria\/4t\/proposta-id-setmana-del-30-de-marc-al-3-dabril\/\" title=\"Read PROPOSTA I+D SETMANA DEL 30 DE MAR\u00c7 AL 3 D&#8217;ABRIL\">Llegeix m\u00e9s\u00bb<\/a><\/p>\n","protected":false},"author":1,"featured_media":0,"comment_status":"open","ping_status":"closed","sticky":false,"template":"","format":"standard","meta":{"_bbp_topic_count":0,"_bbp_reply_count":0,"_bbp_total_topic_count":0,"_bbp_total_reply_count":0,"_bbp_voice_count":0,"_bbp_anonymous_reply_count":0,"_bbp_topic_count_hidden":0,"_bbp_reply_count_hidden":0,"_bbp_forum_subforum_count":0,"footnotes":""},"categories":[13],"tags":[],"class_list":["post-5696","post","type-post","status-publish","format-standard","hentry","category-4t"],"post_mailing_queue_ids":[],"_links":{"self":[{"href":"https:\/\/agora.xtec.cat\/ceip-fontfreda\/wp-json\/wp\/v2\/posts\/5696","targetHints":{"allow":["GET"]}}],"collection":[{"href":"https:\/\/agora.xtec.cat\/ceip-fontfreda\/wp-json\/wp\/v2\/posts"}],"about":[{"href":"https:\/\/agora.xtec.cat\/ceip-fontfreda\/wp-json\/wp\/v2\/types\/post"}],"author":[{"embeddable":true,"href":"https:\/\/agora.xtec.cat\/ceip-fontfreda\/wp-json\/wp\/v2\/users\/1"}],"replies":[{"embeddable":true,"href":"https:\/\/agora.xtec.cat\/ceip-fontfreda\/wp-json\/wp\/v2\/comments?post=5696"}],"version-history":[{"count":1,"href":"https:\/\/agora.xtec.cat\/ceip-fontfreda\/wp-json\/wp\/v2\/posts\/5696\/revisions"}],"predecessor-version":[{"id":5697,"href":"https:\/\/agora.xtec.cat\/ceip-fontfreda\/wp-json\/wp\/v2\/posts\/5696\/revisions\/5697"}],"wp:attachment":[{"href":"https:\/\/agora.xtec.cat\/ceip-fontfreda\/wp-json\/wp\/v2\/media?parent=5696"}],"wp:term":[{"taxonomy":"category","embeddable":true,"href":"https:\/\/agora.xtec.cat\/ceip-fontfreda\/wp-json\/wp\/v2\/categories?post=5696"},{"taxonomy":"post_tag","embeddable":true,"href":"https:\/\/agora.xtec.cat\/ceip-fontfreda\/wp-json\/wp\/v2\/tags?post=5696"}],"curies":[{"name":"wp","href":"https:\/\/api.w.org\/{rel}","templated":true}]}}