{"id":5694,"date":"2020-03-30T11:30:57","date_gmt":"2020-03-30T09:30:57","guid":{"rendered":"http:\/\/agora.xtec.cat\/ceip-fontfreda\/?p=5694"},"modified":"2020-03-30T11:30:57","modified_gmt":"2020-03-30T09:30:57","slug":"proposta-de-larea-de-catala-setmana-del-30-de-marc-al-3-dabril","status":"publish","type":"post","link":"https:\/\/agora.xtec.cat\/ceip-fontfreda\/primaria\/4t\/proposta-de-larea-de-catala-setmana-del-30-de-marc-al-3-dabril\/","title":{"rendered":"PROPOSTA DE L&#8217;\u00c0REA DE CATAL\u00c0 SETMANA DEL 30 DE MAR\u00c7 AL 3 D&#8217;ABRIL"},"content":{"rendered":"<div>\n<ul>\n<li>Fes un diari personal a on expliquis quines coses fas i a quines hores del dia, si ho fas acompanyat d&#8217;alg\u00fa\u00a0 de casa o tot sol. Aprofita per explicar quines emocions et provoca estar confinat: si tens por o et sents intranquil, si\u00a0 et trobes avorrit, si has aprofitat per fer alguna cosa xula amb la fam\u00edlia, etc. Pots acompanyar el que escriguis de dibuixos o de fotografies. Tamb\u00e9 pots aprofitar per fer la tasca d&#8217;angl\u00e8s, ja que pots escriure algunes frases en aquest idioma.<\/li>\n<li>Si fas aix\u00f2, haur\u00e0s d&#8217;enviar el diari tant a la M\u00f2nica com a la teva tutora.<\/li>\n<li>Per \u00faltim, i com a sugger\u00e8ncia, podries escriure una carta per tots aquells malalts de coronavirus que es troben molt solets als hospitals, ja que, com tu ja saps, han d&#8217;estar sols i no poden entrar ni a visitar-los la seva pr\u00f2pia fam\u00edlia. L&#8217;has d&#8217;enviar per mail als correus:<\/li>\n<\/ul>\n<div>\u00a0 \u00a0 \u00a0 \u00a0 \u00a0 \u00a0<b>cartesquecuren@hospitaldelmar.cat<\/b><\/div>\n<\/div>\n<div><b>\u00a0 \u00a0 \u00a0 \u00a0 \u00a0 \u00a0<a href=\"mailto:noesteusols@cl%C3%ADnic.cat\" target=\"_blank\" rel=\"noopener noreferrer\">noesteusols@cl\u00ednic.cat<\/a><\/b><\/div>\n<div><\/div>\n<div>Per tal de no enviar-les amb faltes, hauries d&#8217;enviar abans el correu a la teva tutora per que pugui corregir-les i tornar-te la sense. An\u00edmat, \u00e9s una bona oportunitat\u00a0 per\u00a0 ajudar alg\u00fa, encara que no li poguem posar cara.<\/div>\n<div><\/div>\n<div>Esperem els vostres mails.<\/div>\n<div><\/div>\n","protected":false},"excerpt":{"rendered":"<ul>\n<li>Fes un diari personal a on expliquis quines coses fas i a quines hores del dia, si ho fas acompanyat d&#8217;alg\u00fa\u00a0 de casa o tot sol. Aprofita per explicar quines emocions et provoca estar confinat: si tens por o et sents intranquil, si\u00a0 et trobes&hellip;  <a href=\"https:\/\/agora.xtec.cat\/ceip-fontfreda\/primaria\/4t\/proposta-de-larea-de-catala-setmana-del-30-de-marc-al-3-dabril\/\" title=\"Read PROPOSTA DE L&#8217;\u00c0REA DE CATAL\u00c0 SETMANA DEL 30 DE MAR\u00c7 AL 3 D&#8217;ABRIL\">Llegeix m\u00e9s\u00bb<\/a><br \/>\n","protected":false},"author":1,"featured_media":0,"comment_status":"open","ping_status":"closed","sticky":false,"template":"","format":"standard","meta":{"_bbp_topic_count":0,"_bbp_reply_count":0,"_bbp_total_topic_count":0,"_bbp_total_reply_count":0,"_bbp_voice_count":0,"_bbp_anonymous_reply_count":0,"_bbp_topic_count_hidden":0,"_bbp_reply_count_hidden":0,"_bbp_forum_subforum_count":0,"footnotes":""},"categories":[13],"tags":[],"class_list":["post-5694","post","type-post","status-publish","format-standard","hentry","category-4t"],"post_mailing_queue_ids":[],"_links":{"self":[{"href":"https:\/\/agora.xtec.cat\/ceip-fontfreda\/wp-json\/wp\/v2\/posts\/5694","targetHints":{"allow":["GET"]}}],"collection":[{"href":"https:\/\/agora.xtec.cat\/ceip-fontfreda\/wp-json\/wp\/v2\/posts"}],"about":[{"href":"https:\/\/agora.xtec.cat\/ceip-fontfreda\/wp-json\/wp\/v2\/types\/post"}],"author":[{"embeddable":true,"href":"https:\/\/agora.xtec.cat\/ceip-fontfreda\/wp-json\/wp\/v2\/users\/1"}],"replies":[{"embeddable":true,"href":"https:\/\/agora.xtec.cat\/ceip-fontfreda\/wp-json\/wp\/v2\/comments?post=5694"}],"version-history":[{"count":1,"href":"https:\/\/agora.xtec.cat\/ceip-fontfreda\/wp-json\/wp\/v2\/posts\/5694\/revisions"}],"predecessor-version":[{"id":5695,"href":"https:\/\/agora.xtec.cat\/ceip-fontfreda\/wp-json\/wp\/v2\/posts\/5694\/revisions\/5695"}],"wp:attachment":[{"href":"https:\/\/agora.xtec.cat\/ceip-fontfreda\/wp-json\/wp\/v2\/media?parent=5694"}],"wp:term":[{"taxonomy":"category","embeddable":true,"href":"https:\/\/agora.xtec.cat\/ceip-fontfreda\/wp-json\/wp\/v2\/categories?post=5694"},{"taxonomy":"post_tag","embeddable":true,"href":"https:\/\/agora.xtec.cat\/ceip-fontfreda\/wp-json\/wp\/v2\/tags?post=5694"}],"curies":[{"name":"wp","href":"https:\/\/api.w.org\/{rel}","templated":true}]}}