{"id":5677,"date":"2020-03-29T11:32:41","date_gmt":"2020-03-29T09:32:41","guid":{"rendered":"http:\/\/agora.xtec.cat\/ceip-fontfreda\/?p=5677"},"modified":"2020-04-02T14:59:37","modified_gmt":"2020-04-02T12:59:37","slug":"2-les-coses-que-fem-ara-a-casa-2","status":"publish","type":"post","link":"https:\/\/agora.xtec.cat\/ceip-fontfreda\/primaria\/4t\/2-les-coses-que-fem-ara-a-casa-2\/","title":{"rendered":"2. LES COSES QUE FEM, ARA A CASA&#8230; (ISAAC)"},"content":{"rendered":"<p><a href=\"https:\/\/drive.google.com\/file\/d\/16JD9HMmrrF0_Bck8fNHek5ozW6MYyS55\/view?usp=sharing\"><span style=\"font-family: Trebuchet MS, sans-serif\"><span style=\"font-size: xx-large\"><b><span style=\"color: #008000\">EXPERIMENTS ISAAC GUTI\u00c9RREZ!<\/span><\/b><\/span><\/span><\/a><\/p>\n<p align=\"CENTER\">(CLIKA EL T\u00cdTOL PER VEURE A L&#8217;ISAAC EXPLICANT-NOS UN EXPERIMENT PER ENTENDRE LA NOSTRA RESPIRACI\u00d3: <span style=\"color: #003300\"><strong>T\u00d3RAX<\/strong><\/span>)<\/p>\n<p style=\"text-align: center\" align=\"justify\"><span style=\"color: #008080\"><em>Quan estirem el globus gran cap a baix el globus petit s&#8217;infla. Quan pugem el globus gran cap a dalt el globus petit es desinfla.<\/em><\/span><\/p>\n<p style=\"text-align: center\" align=\"justify\"><span style=\"color: #008080\"><em>El globus petit representa un pulm\u00f3 i el globus gran representa el diafragma. Quan el diafragma s&#8217;estira el pulm\u00f3 inspira i quan el diafragma es contreu el pulm\u00f3 espira.<\/em><\/span><\/p>\n<p align=\"CENTER\"><span style=\"color: #000000\"><span style=\"font-family: Arial Unicode MS, sans-serif\"><span style=\"font-size: large\">Aquests experiments t&#8217;ensenyen diferents aspectes de ci\u00e8ncies, a l&#8217;enlla\u00e7 trobar\u00e0s les instruccions i tamb\u00e9 l&#8217;explicaci\u00f3 final.Fes-ne algun!<\/span><\/span><\/span><\/p>\n","protected":false},"excerpt":{"rendered":"<p><a href=\"https:\/\/drive.google.com\/file\/d\/16JD9HMmrrF0_Bck8fNHek5ozW6MYyS55\/view?usp=sharing\">EXPERIMENTS ISAAC GUTI\u00c9RREZ!<\/a><br \/>\n(CLIKA EL T\u00cdTOL PER VEURE A L&#8217;ISAAC EXPLICANT-NOS UN EXPERIMENT PER ENTENDRE LA NOSTRA RESPIRACI\u00d3: T\u00d3RAX)<br \/>\nQuan estirem el globus gran cap a baix el globus petit s&#8217;infla. Quan pugem el globus gran cap a dalt el globus petit es desinfla.<br \/>\nEl globus petit&hellip;  <a href=\"https:\/\/agora.xtec.cat\/ceip-fontfreda\/primaria\/4t\/2-les-coses-que-fem-ara-a-casa-2\/\" title=\"Read 2. LES COSES QUE FEM, ARA A CASA&#8230; (ISAAC)\">Llegeix m\u00e9s\u00bb<\/a><\/p>\n","protected":false},"author":1,"featured_media":0,"comment_status":"open","ping_status":"closed","sticky":false,"template":"","format":"standard","meta":{"_bbp_topic_count":0,"_bbp_reply_count":0,"_bbp_total_topic_count":0,"_bbp_total_reply_count":0,"_bbp_voice_count":0,"_bbp_anonymous_reply_count":0,"_bbp_topic_count_hidden":0,"_bbp_reply_count_hidden":0,"_bbp_forum_subforum_count":0,"footnotes":""},"categories":[13],"tags":[],"class_list":["post-5677","post","type-post","status-publish","format-standard","hentry","category-4t"],"post_mailing_queue_ids":[],"_links":{"self":[{"href":"https:\/\/agora.xtec.cat\/ceip-fontfreda\/wp-json\/wp\/v2\/posts\/5677","targetHints":{"allow":["GET"]}}],"collection":[{"href":"https:\/\/agora.xtec.cat\/ceip-fontfreda\/wp-json\/wp\/v2\/posts"}],"about":[{"href":"https:\/\/agora.xtec.cat\/ceip-fontfreda\/wp-json\/wp\/v2\/types\/post"}],"author":[{"embeddable":true,"href":"https:\/\/agora.xtec.cat\/ceip-fontfreda\/wp-json\/wp\/v2\/users\/1"}],"replies":[{"embeddable":true,"href":"https:\/\/agora.xtec.cat\/ceip-fontfreda\/wp-json\/wp\/v2\/comments?post=5677"}],"version-history":[{"count":3,"href":"https:\/\/agora.xtec.cat\/ceip-fontfreda\/wp-json\/wp\/v2\/posts\/5677\/revisions"}],"predecessor-version":[{"id":5818,"href":"https:\/\/agora.xtec.cat\/ceip-fontfreda\/wp-json\/wp\/v2\/posts\/5677\/revisions\/5818"}],"wp:attachment":[{"href":"https:\/\/agora.xtec.cat\/ceip-fontfreda\/wp-json\/wp\/v2\/media?parent=5677"}],"wp:term":[{"taxonomy":"category","embeddable":true,"href":"https:\/\/agora.xtec.cat\/ceip-fontfreda\/wp-json\/wp\/v2\/categories?post=5677"},{"taxonomy":"post_tag","embeddable":true,"href":"https:\/\/agora.xtec.cat\/ceip-fontfreda\/wp-json\/wp\/v2\/tags?post=5677"}],"curies":[{"name":"wp","href":"https:\/\/api.w.org\/{rel}","templated":true}]}}