{"id":5591,"date":"2020-03-25T18:39:53","date_gmt":"2020-03-25T17:39:53","guid":{"rendered":"http:\/\/agora.xtec.cat\/ceip-fontfreda\/?p=5591"},"modified":"2020-03-25T18:40:43","modified_gmt":"2020-03-25T17:40:43","slug":"actividades-para-practicar-castellano-de-1o","status":"publish","type":"post","link":"https:\/\/agora.xtec.cat\/ceip-fontfreda\/primaria\/1r\/actividades-para-practicar-castellano-de-1o\/","title":{"rendered":"Actividades para practicar Castellano de 1\u00ba"},"content":{"rendered":"<p>Hola familias,<\/p>\n<p>Aqu\u00ed os dejamos recursos de Castellano de 1\u00ba de Primaria para descargar e imprimir!<\/p>\n<p>Como siempre vamos diciendo, no son actividades obligatorias, son actividades voluntarias para que vuestros hijos y vuestras hijas puedan seguir aprendiendo desde casa!<\/p>\n<p>Son recursos de la Editorial Barcanova, con la que trabajamos en el colegio, que incluyen las soluciones ten\u00e9is versi\u00f3n de refuerzo y versi\u00f3n de ampliaci\u00f3n!<\/p>\n<p><a href=\"https:\/\/agora.xtec.cat\/ceip-fontfreda\/wp-content\/uploads\/usu813\/2020\/03\/Castellano-1\u00ba-Actividades-de-Refuerzo_compressed-1.pdf\">Castellano 1\u00ba Actividades de Refuerzo_compressed (1)<\/a><\/p>\n<p><a href=\"https:\/\/agora.xtec.cat\/ceip-fontfreda\/wp-content\/uploads\/usu813\/2020\/03\/Castellano-1\u00ba-Actividades-de-Ampliaci\u00f3n_compressed-1.pdf\">Castellano 1\u00ba Actividades de Ampliaci\u00f3n_compressed (1)<\/a><\/p>\n<p>Deseamos que est\u00e9is todos y todas muy bien y os mandamos mucha salud y \u00e1nimos!<\/p>\n","protected":false},"excerpt":{"rendered":"<p>Hola familias,Aqu\u00ed os dejamos recursos de Castellano de 1\u00ba de Primaria para descargar e imprimir!Como siempre vamos diciendo, no son actividades obligatorias, son actividades voluntarias para que vuestros hijos y vuestras hijas puedan seguir aprendiendo desde casa!Son recursos de la Editorial Barcanova, con la que trabajamos en el colegio, que incluyen las soluciones ten\u00e9is versi\u00f3n de refuerzo y versi\u00f3n de ampliaci\u00f3n!Castellano 1\u00ba Actividades de Refuerzo_compressed (1)Castellano 1\u00ba Actividades de Ampliaci\u00f3n_compressed (1)Deseamos que est\u00e9is todos y todas muy bien y os mandamos mucha salud y \u00e1nimos!&hellip;  <a href=\"https:\/\/agora.xtec.cat\/ceip-fontfreda\/primaria\/1r\/actividades-para-practicar-castellano-de-1o\/\" title=\"Read Actividades para practicar Castellano de 1\u00ba\">Llegeix m\u00e9s\u00bb<\/a><\/p>\n","protected":false},"author":9,"featured_media":0,"comment_status":"open","ping_status":"closed","sticky":false,"template":"","format":"standard","meta":{"_bbp_topic_count":0,"_bbp_reply_count":0,"_bbp_total_topic_count":0,"_bbp_total_reply_count":0,"_bbp_voice_count":0,"_bbp_anonymous_reply_count":0,"_bbp_topic_count_hidden":0,"_bbp_reply_count_hidden":0,"_bbp_forum_subforum_count":0,"footnotes":""},"categories":[10],"tags":[],"class_list":["post-5591","post","type-post","status-publish","format-standard","hentry","category-1r"],"post_mailing_queue_ids":[],"_links":{"self":[{"href":"https:\/\/agora.xtec.cat\/ceip-fontfreda\/wp-json\/wp\/v2\/posts\/5591","targetHints":{"allow":["GET"]}}],"collection":[{"href":"https:\/\/agora.xtec.cat\/ceip-fontfreda\/wp-json\/wp\/v2\/posts"}],"about":[{"href":"https:\/\/agora.xtec.cat\/ceip-fontfreda\/wp-json\/wp\/v2\/types\/post"}],"author":[{"embeddable":true,"href":"https:\/\/agora.xtec.cat\/ceip-fontfreda\/wp-json\/wp\/v2\/users\/9"}],"replies":[{"embeddable":true,"href":"https:\/\/agora.xtec.cat\/ceip-fontfreda\/wp-json\/wp\/v2\/comments?post=5591"}],"version-history":[{"count":1,"href":"https:\/\/agora.xtec.cat\/ceip-fontfreda\/wp-json\/wp\/v2\/posts\/5591\/revisions"}],"predecessor-version":[{"id":5594,"href":"https:\/\/agora.xtec.cat\/ceip-fontfreda\/wp-json\/wp\/v2\/posts\/5591\/revisions\/5594"}],"wp:attachment":[{"href":"https:\/\/agora.xtec.cat\/ceip-fontfreda\/wp-json\/wp\/v2\/media?parent=5591"}],"wp:term":[{"taxonomy":"category","embeddable":true,"href":"https:\/\/agora.xtec.cat\/ceip-fontfreda\/wp-json\/wp\/v2\/categories?post=5591"},{"taxonomy":"post_tag","embeddable":true,"href":"https:\/\/agora.xtec.cat\/ceip-fontfreda\/wp-json\/wp\/v2\/tags?post=5591"}],"curies":[{"name":"wp","href":"https:\/\/api.w.org\/{rel}","templated":true}]}}