{"id":5587,"date":"2020-03-25T16:26:16","date_gmt":"2020-03-25T15:26:16","guid":{"rendered":"http:\/\/agora.xtec.cat\/ceip-fontfreda\/?p=5587"},"modified":"2020-03-25T16:26:16","modified_gmt":"2020-03-25T15:26:16","slug":"elfontfredaesquedaacasa","status":"publish","type":"post","link":"https:\/\/agora.xtec.cat\/ceip-fontfreda\/general\/elfontfredaesquedaacasa\/","title":{"rendered":"#elFontFredaesquedaacasa"},"content":{"rendered":"<p>La comunitat educativa volem que aquesta situaci\u00f3 es reverteixi i nosaltres ens quedem a casa per ajudar a tothom.<\/p>\n<p>Mireu que fem per ajudar, cliqueu <a href=\"https:\/\/youtu.be\/aPZCE6CpNVY\">aqu\u00ed<\/a> i gaudiu.<\/p>\n<p>Vosaltres tamb\u00e9 participeu? Si es aix\u00ed, si voleu, envieu-li un v\u00eddeo a la tutora i els compartirem amb tothom.<\/p>\n<p>\u00c0nims que \u00e9s cosa de tots i totes.<\/p>\n<p>&nbsp;<\/p>\n<p>&nbsp;<\/p>\n","protected":false},"excerpt":{"rendered":"<p>La comunitat educativa volem que aquesta situaci\u00f3 es reverteixi i nosaltres ens quedem a casa per ajudar a tothom.<br \/>\nMireu que fem per ajudar, cliqueu <a href=\"https:\/\/youtu.be\/aPZCE6CpNVY\">aqu\u00ed<\/a> i gaudiu.<br \/>\nVosaltres tamb\u00e9 participeu? Si es aix\u00ed, si voleu, envieu-li un v\u00eddeo a la tutora i els compartirem amb&hellip;  <a href=\"https:\/\/agora.xtec.cat\/ceip-fontfreda\/general\/elfontfredaesquedaacasa\/\" title=\"Read #elFontFredaesquedaacasa\">Llegeix m\u00e9s\u00bb<\/a><\/p>\n","protected":false},"author":23,"featured_media":0,"comment_status":"open","ping_status":"closed","sticky":false,"template":"","format":"standard","meta":{"_bbp_topic_count":0,"_bbp_reply_count":0,"_bbp_total_topic_count":0,"_bbp_total_reply_count":0,"_bbp_voice_count":0,"_bbp_anonymous_reply_count":0,"_bbp_topic_count_hidden":0,"_bbp_reply_count_hidden":0,"_bbp_forum_subforum_count":0,"footnotes":""},"categories":[1,4],"tags":[],"class_list":["post-5587","post","type-post","status-publish","format-standard","hentry","category-general","category-portada"],"post_mailing_queue_ids":[],"_links":{"self":[{"href":"https:\/\/agora.xtec.cat\/ceip-fontfreda\/wp-json\/wp\/v2\/posts\/5587","targetHints":{"allow":["GET"]}}],"collection":[{"href":"https:\/\/agora.xtec.cat\/ceip-fontfreda\/wp-json\/wp\/v2\/posts"}],"about":[{"href":"https:\/\/agora.xtec.cat\/ceip-fontfreda\/wp-json\/wp\/v2\/types\/post"}],"author":[{"embeddable":true,"href":"https:\/\/agora.xtec.cat\/ceip-fontfreda\/wp-json\/wp\/v2\/users\/23"}],"replies":[{"embeddable":true,"href":"https:\/\/agora.xtec.cat\/ceip-fontfreda\/wp-json\/wp\/v2\/comments?post=5587"}],"version-history":[{"count":1,"href":"https:\/\/agora.xtec.cat\/ceip-fontfreda\/wp-json\/wp\/v2\/posts\/5587\/revisions"}],"predecessor-version":[{"id":5589,"href":"https:\/\/agora.xtec.cat\/ceip-fontfreda\/wp-json\/wp\/v2\/posts\/5587\/revisions\/5589"}],"wp:attachment":[{"href":"https:\/\/agora.xtec.cat\/ceip-fontfreda\/wp-json\/wp\/v2\/media?parent=5587"}],"wp:term":[{"taxonomy":"category","embeddable":true,"href":"https:\/\/agora.xtec.cat\/ceip-fontfreda\/wp-json\/wp\/v2\/categories?post=5587"},{"taxonomy":"post_tag","embeddable":true,"href":"https:\/\/agora.xtec.cat\/ceip-fontfreda\/wp-json\/wp\/v2\/tags?post=5587"}],"curies":[{"name":"wp","href":"https:\/\/api.w.org\/{rel}","templated":true}]}}