{"id":5581,"date":"2020-03-25T13:17:23","date_gmt":"2020-03-25T12:17:23","guid":{"rendered":"http:\/\/agora.xtec.cat\/ceip-fontfreda\/?p=5581"},"modified":"2020-03-25T18:32:27","modified_gmt":"2020-03-25T17:32:27","slug":"propuestas-educativas-para-1o-y-2o","status":"publish","type":"post","link":"https:\/\/agora.xtec.cat\/ceip-fontfreda\/primaria\/1r\/propuestas-educativas-para-1o-y-2o\/","title":{"rendered":"Propuestas educativas para 1\u00ba y 2\u00ba"},"content":{"rendered":"<p>\u00a1Hola a todos y todas!<\/p>\n<p>A continuaci\u00f3n os dejamos unas propuestas que, si quer\u00e9is, pod\u00e9is hacer y envi\u00e1rnoslas a trav\u00e9s del correo de las tutoras.<\/p>\n<p>Tutora de 2\u00ba: Laura Rubio <a href=\"mailto:lrubio10@xtec.cat\">lrubio10@xtec.cat<\/a><\/p>\n<p>Tutora de 1\u00ba: Silvia Coso <a href=\"mailto:scoso@xtec.cat\">scoso@xtec.cat<\/a><\/p>\n<p>Recordad que para cualquier cosa que necesit\u00e9is pod\u00e9is contactar con las tutoras y el resto de maestras y maestros a trav\u00e9s de los correos electr\u00f3nicos personales.<\/p>\n<ol>\n<li>Mu\u00e9stranos qu\u00e9 est\u00e1s haciendo en casa con fotograf\u00edas o v\u00eddeos para que los dem\u00e1s te veamos, te echamos de menos.<\/li>\n<li>\u00a1Deja volar tu imaginaci\u00f3n! Escribe la inicial de tu nombre y dale vida. Dec\u00f3rala como quieras. \u00bfEn cu\u00e1ntas cosas diferentes puedes convertirla?<\/li>\n<\/ol>\n","protected":false},"excerpt":{"rendered":"<p>\u00a1Hola a todos y todas!A continuaci\u00f3n os dejamos unas propuestas que, si quer\u00e9is, pod\u00e9is hacer y enviarnoslas a trav\u00e9s del correo de las tutoras.Tutores de 2n:\u00a0Laura Rubio lrubio10@xtec.cat Tutora de 1r:\u00a0Silvia Coso scoso@xtec.catRecordad que para cualquier cosa que necesit\u00e9is pod\u00e9is contactar con las tutoras y el resto de maestras y maestros a trav\u00e9s de los correos electr\u00f3nicos personales.Mu\u00e9stranos qu\u00e9 est\u00e1s haciendo en casa con fotograf\u00edas o v\u00eddeos para que los dem\u00e1s te veamos, te echamos de menos.\u00a1Deja volar tu imaginaci\u00f3n! Escribe la inicial de tu nombre y dale vida. Dec\u00f3rala como quieras. \u00bfEn cu\u00e1ntas cosas diferentes puedes convertirla?&hellip;  <a href=\"https:\/\/agora.xtec.cat\/ceip-fontfreda\/primaria\/1r\/propuestas-educativas-para-1o-y-2o\/\" title=\"Read Propuestas educativas para 1\u00ba y 2\u00ba\">Llegeix m\u00e9s\u00bb<\/a><\/p>\n","protected":false},"author":9,"featured_media":0,"comment_status":"open","ping_status":"closed","sticky":false,"template":"","format":"standard","meta":{"_bbp_topic_count":0,"_bbp_reply_count":0,"_bbp_total_topic_count":0,"_bbp_total_reply_count":0,"_bbp_voice_count":0,"_bbp_anonymous_reply_count":0,"_bbp_topic_count_hidden":0,"_bbp_reply_count_hidden":0,"_bbp_forum_subforum_count":0,"footnotes":""},"categories":[10,11],"tags":[],"class_list":["post-5581","post","type-post","status-publish","format-standard","hentry","category-1r","category-2n"],"post_mailing_queue_ids":[],"_links":{"self":[{"href":"https:\/\/agora.xtec.cat\/ceip-fontfreda\/wp-json\/wp\/v2\/posts\/5581","targetHints":{"allow":["GET"]}}],"collection":[{"href":"https:\/\/agora.xtec.cat\/ceip-fontfreda\/wp-json\/wp\/v2\/posts"}],"about":[{"href":"https:\/\/agora.xtec.cat\/ceip-fontfreda\/wp-json\/wp\/v2\/types\/post"}],"author":[{"embeddable":true,"href":"https:\/\/agora.xtec.cat\/ceip-fontfreda\/wp-json\/wp\/v2\/users\/9"}],"replies":[{"embeddable":true,"href":"https:\/\/agora.xtec.cat\/ceip-fontfreda\/wp-json\/wp\/v2\/comments?post=5581"}],"version-history":[{"count":2,"href":"https:\/\/agora.xtec.cat\/ceip-fontfreda\/wp-json\/wp\/v2\/posts\/5581\/revisions"}],"predecessor-version":[{"id":5590,"href":"https:\/\/agora.xtec.cat\/ceip-fontfreda\/wp-json\/wp\/v2\/posts\/5581\/revisions\/5590"}],"wp:attachment":[{"href":"https:\/\/agora.xtec.cat\/ceip-fontfreda\/wp-json\/wp\/v2\/media?parent=5581"}],"wp:term":[{"taxonomy":"category","embeddable":true,"href":"https:\/\/agora.xtec.cat\/ceip-fontfreda\/wp-json\/wp\/v2\/categories?post=5581"},{"taxonomy":"post_tag","embeddable":true,"href":"https:\/\/agora.xtec.cat\/ceip-fontfreda\/wp-json\/wp\/v2\/tags?post=5581"}],"curies":[{"name":"wp","href":"https:\/\/api.w.org\/{rel}","templated":true}]}}