{"id":5574,"date":"2020-03-25T13:09:14","date_gmt":"2020-03-25T12:09:14","guid":{"rendered":"http:\/\/agora.xtec.cat\/ceip-fontfreda\/?p=5574"},"modified":"2020-03-25T13:09:14","modified_gmt":"2020-03-25T12:09:14","slug":"activitats-per-practicar-exercicis-de-medi-per-2n","status":"publish","type":"post","link":"https:\/\/agora.xtec.cat\/ceip-fontfreda\/primaria\/2n\/activitats-per-practicar-exercicis-de-medi-per-2n\/","title":{"rendered":"Activitats per practicar exercicis de Medi per 2n"},"content":{"rendered":"<p>Hola fam\u00edlies de 2n.!<\/p>\n<p>Aqu\u00ed teniu un recull de recursos de l&#8217;Editorial Barcanova per practicar Coneixement del Medi.<\/p>\n<p>Hi ha exercicis de refor\u00e7 i exercicis d&#8217;ampliaci\u00f3, tamb\u00e9 amb solucionari!<\/p>\n<p><a href=\"https:\/\/agora.xtec.cat\/ceip-fontfreda\/wp-content\/uploads\/usu813\/2020\/03\/Medi-2n-Activitats-Refor\u00e7.pdf\">Medi 2n Activitats Refor\u00e7<\/a><\/p>\n<p><a href=\"https:\/\/agora.xtec.cat\/ceip-fontfreda\/wp-content\/uploads\/usu813\/2020\/03\/Medi-2n-Activitats-Ampliaci\u00f3.pdf\">Medi 2n Activitats Ampliaci\u00f3<\/a><\/p>\n<p>Recordar-vos que s\u00f3n activitats volunt\u00e0ries que es poden descarregar i imprimir!<\/p>\n<p>Salutacions!<\/p>\n<p>Continuarem penjant recursos voluntaris perqu\u00e8 estigueu en contacte amb els aprenentatges durant aquestes setmanes!<\/p>\n<p>Salut i \u00e0nims a tothom!<\/p>\n","protected":false},"excerpt":{"rendered":"<p>Hola fam\u00edlies de 2n.!Aqu\u00ed teniu un recull de recursos de l&#8217;Editorial Barcanova per practicar Coneixement del Medi.Hi ha exercicis de refor\u00e7 i exercicis d&#8217;ampliaci\u00f3, tamb\u00e9 amb solucionari!Recordar-vos que s\u00f3n activitats volunt\u00e0ries que es poden descarregar i imprimir!Salutacions!Continuarem penjant recursos voluntaris perqu\u00e8 estigueu en contacte amb els aprenentatges durant aquestes setmanes!Salut i \u00e0nims a tothom!&hellip;  <a href=\"https:\/\/agora.xtec.cat\/ceip-fontfreda\/primaria\/2n\/activitats-per-practicar-exercicis-de-medi-per-2n\/\" title=\"Read Activitats per practicar exercicis de Medi per 2n\">Llegeix m\u00e9s\u00bb<\/a><\/p>\n","protected":false},"author":9,"featured_media":0,"comment_status":"open","ping_status":"closed","sticky":false,"template":"","format":"standard","meta":{"_bbp_topic_count":0,"_bbp_reply_count":0,"_bbp_total_topic_count":0,"_bbp_total_reply_count":0,"_bbp_voice_count":0,"_bbp_anonymous_reply_count":0,"_bbp_topic_count_hidden":0,"_bbp_reply_count_hidden":0,"_bbp_forum_subforum_count":0,"footnotes":""},"categories":[11],"tags":[],"class_list":["post-5574","post","type-post","status-publish","format-standard","hentry","category-2n"],"post_mailing_queue_ids":[],"_links":{"self":[{"href":"https:\/\/agora.xtec.cat\/ceip-fontfreda\/wp-json\/wp\/v2\/posts\/5574","targetHints":{"allow":["GET"]}}],"collection":[{"href":"https:\/\/agora.xtec.cat\/ceip-fontfreda\/wp-json\/wp\/v2\/posts"}],"about":[{"href":"https:\/\/agora.xtec.cat\/ceip-fontfreda\/wp-json\/wp\/v2\/types\/post"}],"author":[{"embeddable":true,"href":"https:\/\/agora.xtec.cat\/ceip-fontfreda\/wp-json\/wp\/v2\/users\/9"}],"replies":[{"embeddable":true,"href":"https:\/\/agora.xtec.cat\/ceip-fontfreda\/wp-json\/wp\/v2\/comments?post=5574"}],"version-history":[{"count":1,"href":"https:\/\/agora.xtec.cat\/ceip-fontfreda\/wp-json\/wp\/v2\/posts\/5574\/revisions"}],"predecessor-version":[{"id":5577,"href":"https:\/\/agora.xtec.cat\/ceip-fontfreda\/wp-json\/wp\/v2\/posts\/5574\/revisions\/5577"}],"wp:attachment":[{"href":"https:\/\/agora.xtec.cat\/ceip-fontfreda\/wp-json\/wp\/v2\/media?parent=5574"}],"wp:term":[{"taxonomy":"category","embeddable":true,"href":"https:\/\/agora.xtec.cat\/ceip-fontfreda\/wp-json\/wp\/v2\/categories?post=5574"},{"taxonomy":"post_tag","embeddable":true,"href":"https:\/\/agora.xtec.cat\/ceip-fontfreda\/wp-json\/wp\/v2\/tags?post=5574"}],"curies":[{"name":"wp","href":"https:\/\/api.w.org\/{rel}","templated":true}]}}