{"id":5518,"date":"2020-03-23T20:55:01","date_gmt":"2020-03-23T19:55:01","guid":{"rendered":"http:\/\/agora.xtec.cat\/ceip-fontfreda\/?p=5518"},"modified":"2020-03-24T19:01:13","modified_gmt":"2020-03-24T18:01:13","slug":"1-catala-fes-dictats","status":"publish","type":"post","link":"https:\/\/agora.xtec.cat\/ceip-fontfreda\/primaria\/4t\/1-catala-fes-dictats\/","title":{"rendered":"SETMANA DEL 23 AL 30 DE MAR\u00c7        1. \u00c0REA DE CATAL\u00c0- 4T"},"content":{"rendered":"<ol>\n<li><strong>PRIMERA TASCA DE CATAL\u00c0:<\/strong><\/li>\n<\/ol>\n<p>FES DICTATS!\u00a0 \u00a0\ud83d\ude42<\/p>\n<p>Fica&#8217;t a l&#8217;enlla\u00e7. Nivell inicial.<br \/>\n-El senyor et llegeix la frase.<br \/>\n-Despr\u00e9s te la dicta<br \/>\n-Tu la escrius al requadre blanc<br \/>\n-Mires a veure si tens faltes amb l&#8217;autocorrecci\u00f3<\/p>\n<p>Fes el de &#8220;El xiclet de maduixa&#8221;<\/p>\n<p>.<a href=\"https:\/\/llengua.gencat.cat\/ca\/serveis\/aprendre_catala\/recursos-per-al-professorat\/dictats-en-linia\/b1\/g-j-ix-x-tg-tj-tx-ig\/\">https:\/\/llengua.gencat.cat\/ca\/serveis\/aprendre_catala\/recursos-per-al-professorat\/dictats-en-linia\/b1\/g-j-ix-x-tg-tj-tx-ig\/<\/a><\/p>\n","protected":false},"excerpt":{"rendered":"<ol>\n<li>PRIMERA TASCA DE CATAL\u00c0:<\/li>\n<\/ol>\n<p>FES DICTATS!\u00a0 \u00a0\ud83d\ude42<br \/>\nFica&#8217;t a l&#8217;enlla\u00e7. Nivell inicial.<br \/>\n-El senyor et llegeix la frase.<br \/>\n-Despr\u00e9s te la dicta<br \/>\n-Tu la escrius al requadre blanc<br \/>\n-Mires a veure si tens faltes amb l&#8217;autocorrecci\u00f3<br \/>\nFes el de &#8220;El xiclet de maduixa&#8221;<br \/>\n.<a href=\"https:\/\/llengua.gencat.cat\/ca\/serveis\/aprendre_catala\/recursos-per-al-professorat\/dictats-en-linia\/b1\/g-j-ix-x-tg-tj-tx-ig\/\">https:\/\/llengua.gencat.cat\/ca\/serveis\/aprendre_catala\/recursos-per-al-professorat\/dictats-en-linia\/b1\/g-j-ix-x-tg-tj-tx-ig\/<\/a><\/p>\n","protected":false},"author":1,"featured_media":0,"comment_status":"open","ping_status":"closed","sticky":false,"template":"","format":"standard","meta":{"_bbp_topic_count":0,"_bbp_reply_count":0,"_bbp_total_topic_count":0,"_bbp_total_reply_count":0,"_bbp_voice_count":0,"_bbp_anonymous_reply_count":0,"_bbp_topic_count_hidden":0,"_bbp_reply_count_hidden":0,"_bbp_forum_subforum_count":0,"footnotes":""},"categories":[13],"tags":[],"class_list":["post-5518","post","type-post","status-publish","format-standard","hentry","category-4t"],"post_mailing_queue_ids":[],"_links":{"self":[{"href":"https:\/\/agora.xtec.cat\/ceip-fontfreda\/wp-json\/wp\/v2\/posts\/5518","targetHints":{"allow":["GET"]}}],"collection":[{"href":"https:\/\/agora.xtec.cat\/ceip-fontfreda\/wp-json\/wp\/v2\/posts"}],"about":[{"href":"https:\/\/agora.xtec.cat\/ceip-fontfreda\/wp-json\/wp\/v2\/types\/post"}],"author":[{"embeddable":true,"href":"https:\/\/agora.xtec.cat\/ceip-fontfreda\/wp-json\/wp\/v2\/users\/1"}],"replies":[{"embeddable":true,"href":"https:\/\/agora.xtec.cat\/ceip-fontfreda\/wp-json\/wp\/v2\/comments?post=5518"}],"version-history":[{"count":3,"href":"https:\/\/agora.xtec.cat\/ceip-fontfreda\/wp-json\/wp\/v2\/posts\/5518\/revisions"}],"predecessor-version":[{"id":5552,"href":"https:\/\/agora.xtec.cat\/ceip-fontfreda\/wp-json\/wp\/v2\/posts\/5518\/revisions\/5552"}],"wp:attachment":[{"href":"https:\/\/agora.xtec.cat\/ceip-fontfreda\/wp-json\/wp\/v2\/media?parent=5518"}],"wp:term":[{"taxonomy":"category","embeddable":true,"href":"https:\/\/agora.xtec.cat\/ceip-fontfreda\/wp-json\/wp\/v2\/categories?post=5518"},{"taxonomy":"post_tag","embeddable":true,"href":"https:\/\/agora.xtec.cat\/ceip-fontfreda\/wp-json\/wp\/v2\/tags?post=5518"}],"curies":[{"name":"wp","href":"https:\/\/api.w.org\/{rel}","templated":true}]}}