{"id":5476,"date":"2020-03-19T17:58:12","date_gmt":"2020-03-19T16:58:12","guid":{"rendered":"http:\/\/agora.xtec.cat\/ceip-fontfreda\/?p=5476"},"modified":"2020-03-19T17:58:12","modified_gmt":"2020-03-19T16:58:12","slug":"exercicis-per-practicar-matematiques-de-2n","status":"publish","type":"post","link":"https:\/\/agora.xtec.cat\/ceip-fontfreda\/primaria\/2n\/exercicis-per-practicar-matematiques-de-2n\/","title":{"rendered":"Exercicis per practicar Matem\u00e0tiques de 2n"},"content":{"rendered":"<p>Hola fam\u00edlies d&#8217;alumnes de 2n.:<\/p>\n<p>Aqu\u00ed teniu alguns recursos per imprimir de Matem\u00e0tiques per aquelles fam\u00edlies que vulguin treballar amb els seus fills i les seves filles de manera volunt\u00e0ria.<\/p>\n<p>S\u00f3n arxius pdf de l&#8217;Editorial Barcanova, teniu fitxes per imprimir i tamb\u00e9 les solucions!<\/p>\n<p>En\u00a0breu penjarem tamb\u00e9 recursos de Catal\u00e0 i de Medi!<\/p>\n<p>Desitgem que us siguin \u00fatils!<\/p>\n<p>Salut i cuideu-vos molt!<\/p>\n<p><a href=\"https:\/\/agora.xtec.cat\/ceip-fontfreda\/wp-content\/uploads\/usu813\/2020\/03\/Mates-2n-Refor\u00e7-i-Ampliaci\u00f3_compressed.pdf\">Mates 2n Refor\u00e7 i Ampliaci\u00f3_compressed<\/a><\/p>\n<p><a href=\"https:\/\/agora.xtec.cat\/ceip-fontfreda\/wp-content\/uploads\/usu813\/2020\/03\/Solucionari-Mates-2n-Refor\u00e7-i-Ampliaci\u00f3_compressed-1.pdf\">Solucionari Mates 2n Refor\u00e7 i Ampliaci\u00f3_compressed (1)<\/a><\/p>\n","protected":false},"excerpt":{"rendered":"<p>Hola fam\u00edlies d&#8217;alumnes de 2n.:Aqu\u00ed teniu alguns recursos per imprimir de Matem\u00e0tiques per aquelles fam\u00edlies que vulguin treballar amb els seus fills i les seves filles de manera volunt\u00e0ria.S\u00f3n arxius pdf de l&#8217;Editorial Barcanova, teniu fitxes per imprimir i tamb\u00e9 les solucions!En\u00a0breu penjarem tamb\u00e9 recursos de Catal\u00e0 i de Medi!Desitgem que us siguin \u00fatils!Salut i cuideu-vos molt!\u00a0&hellip;  <a href=\"https:\/\/agora.xtec.cat\/ceip-fontfreda\/primaria\/2n\/exercicis-per-practicar-matematiques-de-2n\/\" title=\"Read Exercicis per practicar Matem\u00e0tiques de 2n\">Llegeix m\u00e9s\u00bb<\/a><\/p>\n","protected":false},"author":9,"featured_media":0,"comment_status":"open","ping_status":"closed","sticky":false,"template":"","format":"standard","meta":{"_bbp_topic_count":0,"_bbp_reply_count":0,"_bbp_total_topic_count":0,"_bbp_total_reply_count":0,"_bbp_voice_count":0,"_bbp_anonymous_reply_count":0,"_bbp_topic_count_hidden":0,"_bbp_reply_count_hidden":0,"_bbp_forum_subforum_count":0,"footnotes":""},"categories":[11],"tags":[],"class_list":["post-5476","post","type-post","status-publish","format-standard","hentry","category-2n"],"post_mailing_queue_ids":[],"_links":{"self":[{"href":"https:\/\/agora.xtec.cat\/ceip-fontfreda\/wp-json\/wp\/v2\/posts\/5476","targetHints":{"allow":["GET"]}}],"collection":[{"href":"https:\/\/agora.xtec.cat\/ceip-fontfreda\/wp-json\/wp\/v2\/posts"}],"about":[{"href":"https:\/\/agora.xtec.cat\/ceip-fontfreda\/wp-json\/wp\/v2\/types\/post"}],"author":[{"embeddable":true,"href":"https:\/\/agora.xtec.cat\/ceip-fontfreda\/wp-json\/wp\/v2\/users\/9"}],"replies":[{"embeddable":true,"href":"https:\/\/agora.xtec.cat\/ceip-fontfreda\/wp-json\/wp\/v2\/comments?post=5476"}],"version-history":[{"count":1,"href":"https:\/\/agora.xtec.cat\/ceip-fontfreda\/wp-json\/wp\/v2\/posts\/5476\/revisions"}],"predecessor-version":[{"id":5479,"href":"https:\/\/agora.xtec.cat\/ceip-fontfreda\/wp-json\/wp\/v2\/posts\/5476\/revisions\/5479"}],"wp:attachment":[{"href":"https:\/\/agora.xtec.cat\/ceip-fontfreda\/wp-json\/wp\/v2\/media?parent=5476"}],"wp:term":[{"taxonomy":"category","embeddable":true,"href":"https:\/\/agora.xtec.cat\/ceip-fontfreda\/wp-json\/wp\/v2\/categories?post=5476"},{"taxonomy":"post_tag","embeddable":true,"href":"https:\/\/agora.xtec.cat\/ceip-fontfreda\/wp-json\/wp\/v2\/tags?post=5476"}],"curies":[{"name":"wp","href":"https:\/\/api.w.org\/{rel}","templated":true}]}}