{"id":5472,"date":"2020-03-18T19:20:26","date_gmt":"2020-03-18T18:20:26","guid":{"rendered":"http:\/\/agora.xtec.cat\/ceip-fontfreda\/?p=5472"},"modified":"2020-03-18T19:20:26","modified_gmt":"2020-03-18T18:20:26","slug":"exercicis-per-practicar-medi-de-1r","status":"publish","type":"post","link":"https:\/\/agora.xtec.cat\/ceip-fontfreda\/primaria\/1r\/exercicis-per-practicar-medi-de-1r\/","title":{"rendered":"Exercicis per practicar Medi de 1r"},"content":{"rendered":"<p>Aqu\u00ed us deixo alguns exercicis de Medi de 1r per anar practicant a casa.<\/p>\n<p>Alguns s\u00f3n de refor\u00e7 i altres d&#8217;ampliaci\u00f3. Tamb\u00e9 de l&#8217;Editorial Barcanova.<\/p>\n<p><a href=\"https:\/\/agora.xtec.cat\/ceip-fontfreda\/wp-content\/uploads\/usu813\/2020\/03\/Refor\u00e7-Medi-1r.pdf\">Refor\u00e7 Medi 1r<\/a><\/p>\n<p><a href=\"https:\/\/agora.xtec.cat\/ceip-fontfreda\/wp-content\/uploads\/usu813\/2020\/03\/Ampliaci\u00f3-Medi-1r.pdf\">Ampliaci\u00f3 Medi 1r<\/a><\/p>\n<p>&nbsp;<\/p>\n","protected":false},"excerpt":{"rendered":"<p>Aqu\u00ed us deixo alguns exercicis de Medi de 1r per anar practicant a casa. Alguns s\u00f3n de refor\u00e7 i altres d&#8217;ampliaci\u00f3. Tamb\u00e9 de l&#8217;Editorial Barcanova.&hellip;  <a href=\"https:\/\/agora.xtec.cat\/ceip-fontfreda\/primaria\/1r\/exercicis-per-practicar-medi-de-1r\/\" title=\"Read Exercicis per practicar Medi de 1r\">Llegeix m\u00e9s\u00bb<\/a><\/p>\n","protected":false},"author":9,"featured_media":0,"comment_status":"open","ping_status":"closed","sticky":false,"template":"","format":"standard","meta":{"_bbp_topic_count":0,"_bbp_reply_count":0,"_bbp_total_topic_count":0,"_bbp_total_reply_count":0,"_bbp_voice_count":0,"_bbp_anonymous_reply_count":0,"_bbp_topic_count_hidden":0,"_bbp_reply_count_hidden":0,"_bbp_forum_subforum_count":0,"footnotes":""},"categories":[10],"tags":[],"class_list":["post-5472","post","type-post","status-publish","format-standard","hentry","category-1r"],"post_mailing_queue_ids":[],"_links":{"self":[{"href":"https:\/\/agora.xtec.cat\/ceip-fontfreda\/wp-json\/wp\/v2\/posts\/5472","targetHints":{"allow":["GET"]}}],"collection":[{"href":"https:\/\/agora.xtec.cat\/ceip-fontfreda\/wp-json\/wp\/v2\/posts"}],"about":[{"href":"https:\/\/agora.xtec.cat\/ceip-fontfreda\/wp-json\/wp\/v2\/types\/post"}],"author":[{"embeddable":true,"href":"https:\/\/agora.xtec.cat\/ceip-fontfreda\/wp-json\/wp\/v2\/users\/9"}],"replies":[{"embeddable":true,"href":"https:\/\/agora.xtec.cat\/ceip-fontfreda\/wp-json\/wp\/v2\/comments?post=5472"}],"version-history":[{"count":1,"href":"https:\/\/agora.xtec.cat\/ceip-fontfreda\/wp-json\/wp\/v2\/posts\/5472\/revisions"}],"predecessor-version":[{"id":5475,"href":"https:\/\/agora.xtec.cat\/ceip-fontfreda\/wp-json\/wp\/v2\/posts\/5472\/revisions\/5475"}],"wp:attachment":[{"href":"https:\/\/agora.xtec.cat\/ceip-fontfreda\/wp-json\/wp\/v2\/media?parent=5472"}],"wp:term":[{"taxonomy":"category","embeddable":true,"href":"https:\/\/agora.xtec.cat\/ceip-fontfreda\/wp-json\/wp\/v2\/categories?post=5472"},{"taxonomy":"post_tag","embeddable":true,"href":"https:\/\/agora.xtec.cat\/ceip-fontfreda\/wp-json\/wp\/v2\/tags?post=5472"}],"curies":[{"name":"wp","href":"https:\/\/api.w.org\/{rel}","templated":true}]}}